{"id":60521,"date":"2023-05-12T15:42:22","date_gmt":"2023-05-12T18:42:22","guid":{"rendered":"https:\/\/conurbanodiario.com.ar\/?p=60521"},"modified":"2023-05-12T20:33:15","modified_gmt":"2023-05-12T23:33:15","slug":"de-mendiguren-adelanto-que-el-ministro-massa-anunciara-medidas-este-sabado","status":"publish","type":"post","link":"https:\/\/conurbanodiario.com.ar\/?p=60521","title":{"rendered":"DE MENDIGUREN ADELANT\u00d3 QUE EL MINISTRO MASSA ANUNCIAR\u00c1 MEDIDAS ESTE S\u00c1BADO"},"content":{"rendered":"\n<p>El secretario de Industria y Desarrollo Productivo, Jos\u00e9 Ignacio de Mendiguren, adelant\u00f3 que el ministro de Econom\u00eda, Sergio Massa, anunciar\u00e1 este s\u00e1bado medidas para combatir el avance de la inflaci\u00f3n.<\/p>\n\n\n\n<p>\u00abTodos hablan de que no ser\u00e1 un buen \u00edndice (el que se conocer\u00e1 hoy sobre inflaci\u00f3n) y nos vamos a ocupar. Este s\u00e1bado Sergio (Massa) va a tomar medidas, como ha tomado siempre\u00bb, admiti\u00f3 De Mendiguren durante una entrevista con El Destape Radio.<\/p>\n\n\n\n<p>Mendiguren realiz\u00f3 esta afirmaci\u00f3n unas horas antes de conocerse oficialmente la inflaci\u00f3n de abril, que esta tarde informar\u00e1 el Instituto Nacional de Estad\u00edstica y Censos (Indec).<\/p>\n\n\n\n<p>\u00abEn lo que a mi respecta tengo el objetivo de mantener el crecimiento y que no caiga el nivel de actividad. Cuando veo expresiones de gente del Poder Judicial opinando se hacen con mucha liviandad, sin conciencia de la ca\u00edda de las exportaciones por la sequ\u00eda\u00bb, subray\u00f3 el funcionario.<\/p>\n\n\n\n<p>En este sentido, record\u00f3 que la sequ\u00eda gener\u00f3 perdidas por \u00abUS$ 20.000 millones, que representan siete a\u00f1os y medio de exportaciones mineras, cinco a\u00f1os de importaciones sider\u00fargicas y dos a\u00f1os y medio de importaciones farmac\u00e9uticas\u00bb<\/p>\n\n\n\n<p>Finalmente, el funcionario reflexion\u00f3 sobre la evoluci\u00f3n de los salarios: \u00abDiscutir el poder adquisitivo del salario es como discutir la Ley de gravedad; si se ahorra sobre el salario se genera recesi\u00f3n. Hay muchos caminos para preservarlo y uno de ellos es pensar en una suma fija para los trabajadores\u00bb.<\/p>\n","protected":false},"excerpt":{"rendered":"<p>El secretario de Industria y Desarrollo Productivo, Jos\u00e9 Ignacio de Mendiguren, adelant\u00f3 que el ministro&#8230;<\/p>\n","protected":false},"author":1,"featured_media":59656,"comment_status":"closed","ping_status":"closed","sticky":false,"template":"","format":"standard","meta":{"footnotes":""},"categories":[5],"tags":[],"class_list":["post-60521","post","type-post","status-publish","format-standard","has-post-thumbnail","hentry","category-el-pais"],"_links":{"self":[{"href":"https:\/\/conurbanodiario.com.ar\/index.php?rest_route=\/wp\/v2\/posts\/60521","targetHints":{"allow":["GET"]}}],"collection":[{"href":"https:\/\/conurbanodiario.com.ar\/index.php?rest_route=\/wp\/v2\/posts"}],"about":[{"href":"https:\/\/conurbanodiario.com.ar\/index.php?rest_route=\/wp\/v2\/types\/post"}],"author":[{"embeddable":true,"href":"https:\/\/conurbanodiario.com.ar\/index.php?rest_route=\/wp\/v2\/users\/1"}],"replies":[{"embeddable":true,"href":"https:\/\/conurbanodiario.com.ar\/index.php?rest_route=%2Fwp%2Fv2%2Fcomments&post=60521"}],"version-history":[{"count":1,"href":"https:\/\/conurbanodiario.com.ar\/index.php?rest_route=\/wp\/v2\/posts\/60521\/revisions"}],"predecessor-version":[{"id":60523,"href":"https:\/\/conurbanodiario.com.ar\/index.php?rest_route=\/wp\/v2\/posts\/60521\/revisions\/60523"}],"wp:featuredmedia":[{"embeddable":true,"href":"https:\/\/conurbanodiario.com.ar\/index.php?rest_route=\/wp\/v2\/media\/59656"}],"wp:attachment":[{"href":"https:\/\/conurbanodiario.com.ar\/index.php?rest_route=%2Fwp%2Fv2%2Fmedia&parent=60521"}],"wp:term":[{"taxonomy":"category","embeddable":true,"href":"https:\/\/conurbanodiario.com.ar\/index.php?rest_route=%2Fwp%2Fv2%2Fcategories&post=60521"},{"taxonomy":"post_tag","embeddable":true,"href":"https:\/\/conurbanodiario.com.ar\/index.php?rest_route=%2Fwp%2Fv2%2Ftags&post=60521"}],"curies":[{"name":"wp","href":"https:\/\/api.w.org\/{rel}","templated":true}]}}