{"id":60519,"date":"2023-05-12T15:33:01","date_gmt":"2023-05-12T18:33:01","guid":{"rendered":"https:\/\/conurbanodiario.com.ar\/?p=60519"},"modified":"2023-05-12T20:33:15","modified_gmt":"2023-05-12T23:33:15","slug":"condenaron-a-35-anos-de-prision-a-la-bestia-un-hombre-que-mato-a-martillazos-a-una-jubilada","status":"publish","type":"post","link":"https:\/\/conurbanodiario.com.ar\/?p=60519","title":{"rendered":"CONDENARON A 35 A\u00d1OS DE PRISI\u00d3N A LA BESTIA, UN HOMBRE QUE MAT\u00d3 A MARTILLAZOS A UNA JUBILADA"},"content":{"rendered":"\n<p>Un hombre fue condenado hoy a 35 a\u00f1os de prisi\u00f3n por el crimen de una jubilada de 78, asesinada a martillazos en el rostro y la cabeza por un delincuente que ingres\u00f3 a robar a su casa de la localidad bonaerense de Libertad, partido de Merlo, en junio de 2020, por lo que la familia de la v\u00edctima lo calific\u00f3 como una \u00abbestia\u00bb, informaron fuentes judiciales.<\/p>\n\n\n\n<p>La decisi\u00f3n del Tribunal Oral en lo Criminal (TOC) 4 de Mor\u00f3n recay\u00f3 sobre Diego Hern\u00e1n Herrera (39), quien fue hallado culpable del delito de \u00abhomicidio en ocasi\u00f3n de robo\u00bb, en perjuicio de Lucinda Palavecino (78).<\/p>\n\n\n\n<p>\u00abLe dieron treinta y cinco a\u00f1os sin beneficios, gracias a Dios se hizo justicia\u00bb, dijo a T\u00e9lam tras el fallo y llorando Alejandra \u00c1lvarez, nieta de la v\u00edctima.<\/p>\n\n\n\n<p>Fuentes judiciales informaron que el fiscal Adri\u00e1n Ferreyra hab\u00eda solicitado 38 a\u00f1os de c\u00e1rcel para Herrera al dar por acreditado que fue el autor del asesinato de Lucinda.<\/p>\n\n\n\n<p>Este hombre tambi\u00e9n fue juzgado por otras dos causas: la tentativa de homicidio de una mujer, a la que golpe\u00f3 y le clav\u00f3 un cuchillo para robarle dinero y una moto, y un abuso sexual sin acceso carnal de una adolescente de 15 a\u00f1os, todos cometidos en viviendas de la localidad de Libertad.<\/p>\n\n\n\n<p>No obstante, el fiscal desestim\u00f3 la acusaci\u00f3n sobre Herrera respecto de la violaci\u00f3n porque la adolescente no lo reconoci\u00f3.<\/p>\n\n\n\n<p>\u00abSiempre acechaba igual, pateaba puertas y entraba por la fuerza, en Hurlingham hac\u00eda lo mismo pero zafaba porque nunca lo agarraban hasta que mat\u00f3 a mi abuela\u00bb, dijo la nieta de la mujer asesinada.<\/p>\n\n\n\n<p>Por el asesinato de Lucinda declararon algunos testigos ante los jueces Rodolfo Casta\u00f1as, Carlos Torti y Humberto Gonz\u00e1lez, entre ellos sus familiares, el vecino que vio a Herrera adentro de la casa de la v\u00edctima al momento del hecho y un matrimonio que observ\u00f3 cuando sali\u00f3 del lugar.<\/p>\n\n\n\n<p>El hecho ocurri\u00f3 el 24 de junio de 2020, alrededor de las 23, en una vivienda ubicada en la calle Malvinas al 500 de la localidad bonaerense de Libertad, en el partido de Merlo, en el oeste del Gran Buenos Aires, donde resid\u00eda la jubilada.<\/p>\n\n\n\n<p>En momentos en que Lucinda sali\u00f3 a la vereda a sacar la basura, fue sorprendida por un delincuente, que la golpe\u00f3 y la oblig\u00f3 a ingresar dentro de la propiedad con fines de robo, circunstancia que fue advertida por un vecino de Palavecino que regresaba a su domicilio.<\/p>\n\n\n\n<p>\u00abEste muchacho la vio a mi abuela cuando sali\u00f3 y momentos despu\u00e9s escucha los gritos, por eso empez\u00f3 a sospechar de que algo pasaba\u00bb, record\u00f3 Alejandra.<\/p>\n\n\n\n<p>Una vez dentro, Lucinda comenz\u00f3 a gritar, por lo que el asaltante la golpe\u00f3 fuertemente en el rostro y la cabeza con un martillo.<\/p>\n\n\n\n<p>En tanto, afuera de la casa comenzaron a juntarse vecinos y familiares de Palavecino enterados de la entradera.<\/p>\n\n\n\n<p>Ante esta situaci\u00f3n, el ladr\u00f3n se asom\u00f3 por una ventana y afirm\u00f3 ser sobrino de la v\u00edctima, lo que fue desmentido por uno de los vecinos, que conoc\u00eda personalmente al verdadero familiar.<\/p>\n\n\n\n<p>Por este motivo, las personas entraron a la vivienda y el ladr\u00f3n intent\u00f3 escaparse por el fondo de la propiedad, pero finalmente fue capturado a una cuadra.<\/p>\n\n\n\n<p>Luego de ser reducido por vecinos, Herrera fue trasladado a la comisar\u00eda 4ta. de Merlo, mientras que en la propiedad los peritos secuestraron un martillo con el que golpe\u00f3 a la v\u00edctima.<\/p>\n\n\n\n<p>En tanto, el 1 de julio Lucinda falleci\u00f3 en el sanatorio San Juan Bautista de Merlo, donde permaneci\u00f3 internada en coma y conectada a un respirador artificial como consecuencia de una fractura de cr\u00e1neo.<\/p>\n\n\n\n<p>El fiscal de instrucci\u00f3n, Sergio Dileo, a cargo de la investigaci\u00f3n y titular de la Unidad Funcional de Instrucci\u00f3n (UFI) 6 del Departamento Judicial de Mor\u00f3n, comenz\u00f3 a investigar lo sucedido e indag\u00f3 al acusado, quien se neg\u00f3 a declarar.<\/p>\n\n\n\n<p>Herrera ten\u00eda antecedentes por delitos contra la propiedad y se hab\u00eda ordenado su detenci\u00f3n por otra causa en la cual se lo acusa por el abuso sexual sin acceso carnal de la adolescente.<\/p>\n\n\n\n<p>\u00abSiempre acech\u00f3 de la misma manera, actuaba solo y era una bestia porque las golpeaba de una manera muy salvaje\u00bb, concluy\u00f3 su nieta.<\/p>\n","protected":false},"excerpt":{"rendered":"<p>Un hombre fue condenado hoy a 35 a\u00f1os de prisi\u00f3n por el crimen de una&#8230;<\/p>\n","protected":false},"author":1,"featured_media":59656,"comment_status":"closed","ping_status":"closed","sticky":false,"template":"","format":"standard","meta":{"footnotes":""},"categories":[29],"tags":[],"class_list":["post-60519","post","type-post","status-publish","format-standard","has-post-thumbnail","hentry","category-judiciales"],"_links":{"self":[{"href":"https:\/\/conurbanodiario.com.ar\/index.php?rest_route=\/wp\/v2\/posts\/60519","targetHints":{"allow":["GET"]}}],"collection":[{"href":"https:\/\/conurbanodiario.com.ar\/index.php?rest_route=\/wp\/v2\/posts"}],"about":[{"href":"https:\/\/conurbanodiario.com.ar\/index.php?rest_route=\/wp\/v2\/types\/post"}],"author":[{"embeddable":true,"href":"https:\/\/conurbanodiario.com.ar\/index.php?rest_route=\/wp\/v2\/users\/1"}],"replies":[{"embeddable":true,"href":"https:\/\/conurbanodiario.com.ar\/index.php?rest_route=%2Fwp%2Fv2%2Fcomments&post=60519"}],"version-history":[{"count":1,"href":"https:\/\/conurbanodiario.com.ar\/index.php?rest_route=\/wp\/v2\/posts\/60519\/revisions"}],"predecessor-version":[{"id":60520,"href":"https:\/\/conurbanodiario.com.ar\/index.php?rest_route=\/wp\/v2\/posts\/60519\/revisions\/60520"}],"wp:featuredmedia":[{"embeddable":true,"href":"https:\/\/conurbanodiario.com.ar\/index.php?rest_route=\/wp\/v2\/media\/59656"}],"wp:attachment":[{"href":"https:\/\/conurbanodiario.com.ar\/index.php?rest_route=%2Fwp%2Fv2%2Fmedia&parent=60519"}],"wp:term":[{"taxonomy":"category","embeddable":true,"href":"https:\/\/conurbanodiario.com.ar\/index.php?rest_route=%2Fwp%2Fv2%2Fcategories&post=60519"},{"taxonomy":"post_tag","embeddable":true,"href":"https:\/\/conurbanodiario.com.ar\/index.php?rest_route=%2Fwp%2Fv2%2Ftags&post=60519"}],"curies":[{"name":"wp","href":"https:\/\/api.w.org\/{rel}","templated":true}]}}