{"id":60515,"date":"2023-05-12T15:30:10","date_gmt":"2023-05-12T18:30:10","guid":{"rendered":"https:\/\/conurbanodiario.com.ar\/?p=60515"},"modified":"2023-05-12T20:33:15","modified_gmt":"2023-05-12T23:33:15","slug":"manzur-en-la-primera-quincena-de-junio-el-pueblo-tucumano-estara-votando","status":"publish","type":"post","link":"https:\/\/conurbanodiario.com.ar\/?p=60515","title":{"rendered":"MANZUR: &#8220;EN LA PRIMERA QUINCENA DE JUNIO EL PUEBLO TUCUMANO ESTAR\u00c1 VOTANDO&#8221;"},"content":{"rendered":"\n<p>El gobernador de Tucum\u00e1n, Juan Manzur, anunci\u00f3 que \u201cen la primera quincena de junio el pueblo tucumano estar\u00e1 votando\u201d, en declaraciones que realiz\u00f3 en las escalinatas de la Casa de Gobierno provincial, en un acto en apoyo a la nueva f\u00f3rmula del Frente de Todos (FdT) que competir\u00e1 en las elecciones del distrito para esa categor\u00eda.<\/p>\n\n\n\n<p>\u201cEste fallo de la Corte Suprema de Justicia de la Naci\u00f3n (CSJN), es inoportuno, agrede directamente cuestiones vinculadas a las autonom\u00edas provinciales, agrede el federalismo de la Rep\u00fablica Argentina, es por eso, que lo respetamos, pero no estamos de acuerdo\u201d, dijo Manzur durante el acto que convoc\u00f3 a militantes, dirigentes y partidos pol\u00edticos.<\/p>\n\n\n\n<p>Mientras hablaba Manzur en Tucum\u00e1n, la Corte Suprema de Justicia dispuso hoy que se considere, en un plazo de 72 horas, el pedido de levantamiento de la medida cautelar que suspendi\u00f3 las elecciones provinciales de Tucum\u00e1n ante la renuncia de Manzur a su candidatura.<\/p>\n\n\n\n<p>En el acto en la capital tucumana, Manzur estuvo acompa\u00f1ado de Osvaldo Jaldo y del actual ministro del Interior Miguel Acevedo, quien ocupar\u00e1 su lugar como candidato a vicegobernador.<\/p>\n\n\n\n<p>Actualmente, la funci\u00f3n de Acevedo en el gabinete provincial es asistir al Poder Ejecutivo en lo referente a las funciones vinculadas con los municipios y comunas rurales de la provincia. El nuevo candidato ocup\u00f3 el Ministerio de Econom\u00eda provincial, entre otros cargos.<\/p>\n\n\n\n<p>El gobernador anunci\u00f3 anoche en conferencia de prensa que se bajaba de la postulaci\u00f3n pues decidi\u00f3 \u00abrespetar\u00bb la resoluci\u00f3n de la Corte Suprema que el martes pasado suspendi\u00f3 las elecciones para esa categor\u00eda en Tucum\u00e1n, ante la posibilidad de que su candidatura no respete la alternancia reglamentada por la Constituci\u00f3n provincial.<\/p>\n\n\n\n<p>El mandatario provincial expres\u00f3 que \u201cpesa una espada de Damocles sobre la democracia tucumana, pesa una cautelar que impide que los tucumanos vayan a votar, que entren al cuarto oscuro donde son libres y votan por el futuro de la provincia\u201d.<\/p>\n\n\n\n<p>A\u00f1adi\u00f3 que, a trav\u00e9s de esa cautelar, objetaron \u201cque Juan Manzur pueda ser candidato en la provincia de tucumanos vayan a votar, por ello, ayer tom\u00e9 una decisi\u00f3n de declinar mi candidatura, por el bien de la democracia y fiel a los principios de mi partido pol\u00edtico: el peronismo\u201d.<\/p>\n\n\n\n<p>En ese sentido, manifest\u00f3: \u201cTenemos que explicarle ( a la oposici\u00f3n) no s\u00e9 cu\u00e1ntas veces que el peronismo es un movimiento, que hace m\u00e1s de 70 a\u00f1os nos ense\u00f1a que primero esta la patria, segundo el movimiento y por \u00faltimo los hombres. Ac\u00e1 no se trata de cuestiones personales sino del bien com\u00fan\u201d.<\/p>\n\n\n\n<p>Manzur sostuvo: \u201cJaldo no se queda solo, nuestro movimiento lleno de hombre y mujeres trabajadores\u201d.<\/p>\n\n\n\n<p>Luego, se refiri\u00f3 a Acevedo y destac\u00f3 que es \u201cun hombre que todos conocen y saben de su trabajo\u201d.<\/p>\n\n\n\n<p>El gobernador dijo que espera \u201cque la Corte levante la cautelar, y en la primera quincena de junio el pueblo tucumano va a estar votando en las urnas de nuevo\u201d.<\/p>\n\n\n\n<p>\u00abUna vez m\u00e1s le volvemos a pedir, y ya cada vez los peronistas pedimos menos, a la Corte Suprema de Justicia desde Tucum\u00e1n, desde el interior de Argentina, que levante la cautelar inmediatamente para que los tucumanos puedan ir a las urnas a votar\u201d, insisti\u00f3<\/p>\n\n\n\n<p>Por \u00faltimo, se refiri\u00f3 a su lugar como jefe de campa\u00f1a del peronismo en Tucum\u00e1n: \u201cSoy yo, soy el jefe de campa\u00f1a de Osvaldo Jaldo gobernador\u201d<\/p>\n\n\n\n<p>\u201cSoy un militante m\u00e1s, un dirigente. Voy a seguir ayudando y acompa\u00f1ando desde el lugar que me toque. Hoy les puedo afirmar una vez m\u00e1s que el gobernador que va a asumir los pr\u00f3ximos cuatro a\u00f1os de gobierno se llama Osvaldo Jaldo\u201d, a\u00f1adi\u00f3.<\/p>\n\n\n\n<p>Manzur hab\u00eda firmado ayer el decreto que suspendi\u00f3 las elecciones provinciales previstas para el domingo en todas sus categor\u00edas, por lo que dej\u00f3 as\u00ed sin efecto los comicios que iban a desarrollarse ese d\u00eda y que ya hab\u00edan sido suspendidos por la Corte a trav\u00e9s de una cautelar emitida el \u00faltimo martes, tras un recurso presentado por un sector opositor.<\/p>\n\n\n\n<p>Adem\u00e1s, la Corte rechaz\u00f3 un recurso de reposici\u00f3n del Gobierno tucumano que pretend\u00eda revertir la cautelar que suspendi\u00f3 las elecciones.<\/p>\n\n\n\n<p>La administraci\u00f3n de Manzur hab\u00eda cursado ante la Corte un recurso denominado \u00abde reposici\u00f3n\u00bb a trav\u00e9s de la Fiscal\u00eda de Estado que encabeza Federico Jos\u00e9 Nazur.<\/p>\n\n\n\n<p>Pero el m\u00e1ximo tribunal resolvi\u00f3 \u00abrechazar el recurso de reposici\u00f3n interpuesto\u00bb, seg\u00fan estableci\u00f3 en una resoluci\u00f3n firmada por los jueces Horacio Rosatti (presidente), Carlos Rosenkrantz y Juan Carlos Maqueda, a la que accedi\u00f3 T\u00e9lam. <\/p>\n","protected":false},"excerpt":{"rendered":"<p>El gobernador de Tucum\u00e1n, Juan Manzur, anunci\u00f3 que \u201cen la primera quincena de junio el&#8230;<\/p>\n","protected":false},"author":1,"featured_media":59656,"comment_status":"closed","ping_status":"closed","sticky":false,"template":"","format":"standard","meta":{"footnotes":""},"categories":[5],"tags":[],"class_list":["post-60515","post","type-post","status-publish","format-standard","has-post-thumbnail","hentry","category-el-pais"],"_links":{"self":[{"href":"https:\/\/conurbanodiario.com.ar\/index.php?rest_route=\/wp\/v2\/posts\/60515","targetHints":{"allow":["GET"]}}],"collection":[{"href":"https:\/\/conurbanodiario.com.ar\/index.php?rest_route=\/wp\/v2\/posts"}],"about":[{"href":"https:\/\/conurbanodiario.com.ar\/index.php?rest_route=\/wp\/v2\/types\/post"}],"author":[{"embeddable":true,"href":"https:\/\/conurbanodiario.com.ar\/index.php?rest_route=\/wp\/v2\/users\/1"}],"replies":[{"embeddable":true,"href":"https:\/\/conurbanodiario.com.ar\/index.php?rest_route=%2Fwp%2Fv2%2Fcomments&post=60515"}],"version-history":[{"count":2,"href":"https:\/\/conurbanodiario.com.ar\/index.php?rest_route=\/wp\/v2\/posts\/60515\/revisions"}],"predecessor-version":[{"id":60518,"href":"https:\/\/conurbanodiario.com.ar\/index.php?rest_route=\/wp\/v2\/posts\/60515\/revisions\/60518"}],"wp:featuredmedia":[{"embeddable":true,"href":"https:\/\/conurbanodiario.com.ar\/index.php?rest_route=\/wp\/v2\/media\/59656"}],"wp:attachment":[{"href":"https:\/\/conurbanodiario.com.ar\/index.php?rest_route=%2Fwp%2Fv2%2Fmedia&parent=60515"}],"wp:term":[{"taxonomy":"category","embeddable":true,"href":"https:\/\/conurbanodiario.com.ar\/index.php?rest_route=%2Fwp%2Fv2%2Fcategories&post=60515"},{"taxonomy":"post_tag","embeddable":true,"href":"https:\/\/conurbanodiario.com.ar\/index.php?rest_route=%2Fwp%2Fv2%2Ftags&post=60515"}],"curies":[{"name":"wp","href":"https:\/\/api.w.org\/{rel}","templated":true}]}}