{"id":60509,"date":"2023-05-12T15:12:24","date_gmt":"2023-05-12T18:12:24","guid":{"rendered":"https:\/\/conurbanodiario.com.ar\/?p=60509"},"modified":"2023-05-12T20:33:15","modified_gmt":"2023-05-12T23:33:15","slug":"el-pj-bonaerense-realiza-este-sabado-su-congreso-en-la-matanza-con-el-cierre-de-maximo-kirchner","status":"publish","type":"post","link":"https:\/\/conurbanodiario.com.ar\/?p=60509","title":{"rendered":"EL PJ BONAERENSE REALIZA ESTE S\u00c1BADO SU CONGRESO EN LA MATANZA CON EL CIERRE DE M\u00c1XIMO KIRCHNER"},"content":{"rendered":"\n<p>El Partido Justicialista (PJ) de la provincia de Buenos Aires realizar\u00e1 este s\u00e1bado a partir del mediod\u00eda en el municipio de La Matanza, un congreso partidario, con mira a las alianzas electorales para las PASO del 13 de agosto, y la jornada cerrar\u00e1 con un acto que ser\u00e1 encabezado por el diputado y presidente del justicialismo bonaerense, M\u00e1ximo Kirchner.<\/p>\n\n\n\n<p>Mientras contin\u00faa la danza de posibles candidatos presidenciales del Frente de Todos (FDT), y se define si habr\u00e1 competencia interna, o candidato o candidata de consenso, se agreg\u00f3 un nuevo condimento a la discusi\u00f3n interna de la coalici\u00f3n oficialista: el desdoblamiento de las elecciones en la provincia de Buenos Aires, distrito clave para el peronismo por su peso en el padr\u00f3n electoral y por ser el territorio donde se genera mayor acompa\u00f1amiento.<\/p>\n\n\n\n<p>En ese contexto, el PJ bonaerense se dar\u00e1 cita este s\u00e1bado, en primer t\u00e9rmino, para cumplir con los pasos formales que exigen las normas partidarias y electorales para que ese espacio pol\u00edtico integre un frente electoral.<\/p>\n\n\n\n<p>Luego, pasadas las 14, el cierre de la jornada ser\u00e1 con un acto que tendr\u00e1 como principal orador a M\u00e1ximo Kirchner.<\/p>\n\n\n\n<p>El lugar del c\u00f3nclave ser\u00e1 el polideportivo Juan Domingo Per\u00f3n, ubicado en General Juan Manuel de Rosas km 31.800, de la localidad de Gonz\u00e1lez Cat\u00e1n, partido de La Matanza, donde el encuentro comenzar\u00e1 al mediod\u00eda, seg\u00fan estimaron fuentes partidarias.<\/p>\n\n\n\n<p>A 33 d\u00edas del cierre de presentaci\u00f3n de alianzas y frentes -previsto para el 14 de junio-, en el punto 2 de la orden del d\u00eda se encuentra el principal tema que es la \u201cautorizaci\u00f3n para constituir frentes electorales para las elecciones Primarias, Abiertas, Simult\u00e1neas y Obligatorias y Generales del a\u00f1o 2023\u201d.<\/p>\n\n\n\n<p>El PJ provincial -como columna vertebral de la coalici\u00f3n oficialista- debe cumplir con los pasos previstos en su carta org\u00e1nica, por lo cual los apoderados del partido a nivel distrital trabajan para armar encuentros entre los distintos sectores, con la intenci\u00f3n de evitar roces y coordinar las instancias previstas en la vida partidaria con los plazos fijados para los comicios por la ley electoral.<\/p>\n\n\n\n<p>El pasado 31 de marzo, se reuni\u00f3 en La Plata el PJ de la provincia de Buenos Aires y convoc\u00f3 a este congreso partidario que se realizar\u00e1 en La Matanza, distrito del presidente de ese \u00f3rgano, el intendente Fernando Espinoza.<\/p>\n\n\n\n<p>Adem\u00e1s del congreso del PJ bonaerense, fueron tambi\u00e9n convocadas reuniones del PJ nacional, el pr\u00f3ximo martes 16 en el microestadio de Ferro, y del PJ porte\u00f1o, el mi\u00e9rcoles 17.<\/p>\n\n\n\n<p>Uno de los pocos indicios sobre definiciones electorales que pueden arrojar estos congresos ser\u00e1 qui\u00e9nes firmar\u00e1n el acta y queden con la potestad de constituir el frente partidario, aunque solo ser\u00e1 una muestra de c\u00f3mo est\u00e1 repartido el poder en el PJ.<\/p>\n\n\n\n<p>A pesar de que hay tiempo todav\u00eda para negociar las condiciones de participaci\u00f3n y la elaboraci\u00f3n de un reglamento de convivencia para la campa\u00f1a, los congresos partidarios ser\u00e1n una arena de discusi\u00f3n y de planteos de los distintos sectores que impulsan precandidaturas en otras categor\u00edas, como concejales y legisladores.<\/p>\n\n\n\n<p>La fecha l\u00edmite ser\u00e1 el pr\u00f3ximo mi\u00e9rcoles 14 de junio cuando, seg\u00fan la ley electoral, se venza el plazo para presentar las alianzas y los frentes.<\/p>\n\n\n\n<p>All\u00ed, en el acta constitutiva del frente se establecen dos puntos importantes que tensionan las relaciones entre las partes porque deben consensuar y siempre hay ganadores y perdedores, lo que da tambi\u00e9n un indicio de quienes ser\u00e1n los candidatos y qu\u00e9 sector sigue teniendo el mayor poder de dar el visto bueno a la conformaci\u00f3n de las listas.<\/p>\n\n\n\n<p>En los congresos comenzar\u00e1n a discutirse informalmente dos temas: la conformaci\u00f3n de la junta electoral y las bases y condiciones de participaci\u00f3n en las PASO, cuyo plazo de presentaci\u00f3n ante la justicia electoral vence el 19 de junio.<\/p>\n\n\n\n<p>La constituci\u00f3n de la Junta Electoral del frente es vital a la hora de aceptar o no las listas, lo que se transforma en un lugar clave para las categor\u00edas en las que hay internas.<\/p>\n\n\n\n<p>En tanto, el reglamento de participaci\u00f3n tambi\u00e9n es fundamental porque all\u00ed se establece el piso necesario de votos obtenidos por el resto de las listas para poder intercalar y exigir lugares en la n\u00f3mina final que competir\u00e1 en las elecciones generales de octubre.<\/p>\n","protected":false},"excerpt":{"rendered":"<p>El Partido Justicialista (PJ) de la provincia de Buenos Aires realizar\u00e1 este s\u00e1bado a partir&#8230;<\/p>\n","protected":false},"author":1,"featured_media":59656,"comment_status":"closed","ping_status":"closed","sticky":false,"template":"","format":"standard","meta":{"footnotes":""},"categories":[35],"tags":[],"class_list":["post-60509","post","type-post","status-publish","format-standard","has-post-thumbnail","hentry","category-politica"],"_links":{"self":[{"href":"https:\/\/conurbanodiario.com.ar\/index.php?rest_route=\/wp\/v2\/posts\/60509","targetHints":{"allow":["GET"]}}],"collection":[{"href":"https:\/\/conurbanodiario.com.ar\/index.php?rest_route=\/wp\/v2\/posts"}],"about":[{"href":"https:\/\/conurbanodiario.com.ar\/index.php?rest_route=\/wp\/v2\/types\/post"}],"author":[{"embeddable":true,"href":"https:\/\/conurbanodiario.com.ar\/index.php?rest_route=\/wp\/v2\/users\/1"}],"replies":[{"embeddable":true,"href":"https:\/\/conurbanodiario.com.ar\/index.php?rest_route=%2Fwp%2Fv2%2Fcomments&post=60509"}],"version-history":[{"count":1,"href":"https:\/\/conurbanodiario.com.ar\/index.php?rest_route=\/wp\/v2\/posts\/60509\/revisions"}],"predecessor-version":[{"id":60511,"href":"https:\/\/conurbanodiario.com.ar\/index.php?rest_route=\/wp\/v2\/posts\/60509\/revisions\/60511"}],"wp:featuredmedia":[{"embeddable":true,"href":"https:\/\/conurbanodiario.com.ar\/index.php?rest_route=\/wp\/v2\/media\/59656"}],"wp:attachment":[{"href":"https:\/\/conurbanodiario.com.ar\/index.php?rest_route=%2Fwp%2Fv2%2Fmedia&parent=60509"}],"wp:term":[{"taxonomy":"category","embeddable":true,"href":"https:\/\/conurbanodiario.com.ar\/index.php?rest_route=%2Fwp%2Fv2%2Fcategories&post=60509"},{"taxonomy":"post_tag","embeddable":true,"href":"https:\/\/conurbanodiario.com.ar\/index.php?rest_route=%2Fwp%2Fv2%2Ftags&post=60509"}],"curies":[{"name":"wp","href":"https:\/\/api.w.org\/{rel}","templated":true}]}}