{"id":60506,"date":"2023-05-12T15:05:05","date_gmt":"2023-05-12T18:05:05","guid":{"rendered":"https:\/\/conurbanodiario.com.ar\/?p=60506"},"modified":"2023-05-12T20:33:15","modified_gmt":"2023-05-12T23:33:15","slug":"teresa-garcia-se-manifesto-a-favor-de-un-candidato-unico-y-dijo-que-las-paso-son-problematicas","status":"publish","type":"post","link":"https:\/\/conurbanodiario.com.ar\/?p=60506","title":{"rendered":"TERESA GARC\u00cdA SE MANIFEST\u00d3 A FAVOR DE UN CANDIDATO \u00daNICO Y DIJO QUE LAS PASO SON PROBLEM\u00c1TICAS"},"content":{"rendered":"\n<p>La presidenta del bloque de senadores bonaerenses del Frente de Todos, Teresa Garc\u00eda, consider\u00f3 hoy que \u00ablas PASO son problem\u00e1ticas\u00bb, se mostr\u00f3 a favor de que el peronismo presente en las elecciones \u00abun solo candidato muy fuerte\u00bb y plante\u00f3 que \u00abser\u00eda una maravilla\u00bb que Cristina Kirchner sea la oradora en el acto que el kirchnerismo prepara de cara al 25 de mayo, cuando ose cumplan 20 a\u00f1os de la asunci\u00f3n de N\u00e9stor Kirchner.<\/p>\n\n\n\n<p>\u00abEn lo personal, siempre creo que la PASO es problem\u00e1tica, y m\u00e1s en una situaci\u00f3n de combusti\u00f3n pol\u00edtica como la que estamos viviendo\u00bb, dijo en declaraciones a la radio online FutuR\u00f6ck, en las que agreg\u00f3: \u00abSoy de la idea de que hubiera un solo candidato por el peronismo muy fuerte, con candidatos muy fuertes a diputados nacionales\u00bb.<\/p>\n\n\n\n<p>\u00abComparto con Sergio Massa lo que dijo sobre la necesidad de ordenar el frente interno para que haya orden econ\u00f3mico\u00bb, dijo luego.<\/p>\n\n\n\n<p>Cuando se le pregunt\u00f3 sobre la posibilidad de que el gobernador Axel Kicillof desdoble la elecci\u00f3n bonaerense de la nacional, Garc\u00eda expuso que \u00abla provincia tiene la posibilidad de desdoblar, no as\u00ed la PASO porque est\u00e1 atada a la nacional\u00bb y reiter\u00f3 que \u00aben el caso del decreto de la elecci\u00f3n general, el gobernador puede disponer de la fecha que considere\u00bb.<\/p>\n\n\n\n<p>Con todo, la dirigente dijo que si bien no vio \u00abdiscusiones generalizadas con este tema, ni noticias clara del tema\u00bb, imagina que, como todos los dem\u00e1s gobernadores, Kicillof \u00abha de estar consider\u00e1ndolo\u00bb.<\/p>\n\n\n\n<p>Consultada sobre la posibilidad de que el gobernador bonaerense sea postulante a Presidente, respondi\u00f3: \u00abPor supuesto que Axel me parecer\u00eda un buen candidato, pero no es una posibilidad. Ya lo ha dicho, definido y hace p\u00fablico que su deseo es reelegir como gobernador\u00bb.<\/p>\n\n\n\n<p>\u00abLo que va a pasar en el peronismo en los pr\u00f3ximos d\u00edas es una discusi\u00f3n que alinee totalmente la fuerza. Lo que viene sucediendo con la lamentable acci\u00f3n de la Corte sobre la pol\u00edtica y la elecci\u00f3n, hace que tengamos que reflexionar sobre la necesidad de tener muy ordenada la pr\u00f3xima elecci\u00f3n porque sino va a ser tierra de granada por cualquier cosa\u00bb, opin\u00f3.<\/p>\n\n\n\n<p>En ese contexto, se\u00f1al\u00f3 que \u00ablas decisiones las va a tomar el peronismo\u00bb, pero insisti\u00f3 que \u00abhasta ahora, Axel quiere ser nuevamente reelecto gobernador y, adem\u00e1s ha hecho una muy buena gesti\u00f3n en la provincia\u00bb.<\/p>\n\n\n\n<p>A posteriori, la senadora coincidi\u00f3 con las declaraciones del ministro de Econom\u00eda, Sergio Massa, en cuanto a la necesidad que tiene el peronismo \u00abde ordenarse\u00bb y apunt\u00f3: \u00abTenemos primero que discutir cuestiones de fondo y luego (decidir) qui\u00e9n representa eso\u00bb.<\/p>\n\n\n\n<p>Por otro lado, se refiri\u00f3 a la convocatoria para marchar el 25 de mayo en la avenida 9 de Julio, analiz\u00f3 que \u00abla fecha es m\u00e1s que emblem\u00e1tica\u00bb y puntualiz\u00f3 que \u00ablos compa\u00f1eros de la denominada Mesa de Ensenada est\u00e1n decidiendo qui\u00e9nes ser\u00e1n los oradores, no tengo confirmaci\u00f3n de qui\u00e9nes ser\u00e1n\u00bb.<\/p>\n\n\n\n<p>\u00abQue la oradora principal sea Cristina ser\u00eda una maravilla. Ella en este aniversario de 20 a\u00f1os de que nos hicimos cargo de este pa\u00eds, merecer\u00eda ser ella la \u00fanica oradora\u00bb, evalu\u00f3 y vaticin\u00f3 que \u00abser\u00e1 un acto muy grande\u00bb.<\/p>\n\n\n\n<p>Sostuvo que se necesita \u00abuna gran convocatoria para expresar muchas cosas, con consignas claras en torno al Poder Judicial y al FMI\u00bb y agreg\u00f3 que \u00abhay una gran confusi\u00f3n y estamos muy cerca de una elecci\u00f3n, por eso se necesita a toda la fuerza pol\u00edtica ordenada\u00bb.<\/p>\n\n\n\n<p>\u00abNo quiere decir que en ese acto se resuelva p\u00fablicamente quien va a ser el candidato. Tiene que resolverse en otro \u00e1mbito\u00bb, cerr\u00f3.<\/p>\n","protected":false},"excerpt":{"rendered":"<p>La presidenta del bloque de senadores bonaerenses del Frente de Todos, Teresa Garc\u00eda, consider\u00f3 hoy&#8230;<\/p>\n","protected":false},"author":1,"featured_media":59656,"comment_status":"closed","ping_status":"closed","sticky":false,"template":"","format":"standard","meta":{"footnotes":""},"categories":[35],"tags":[],"class_list":["post-60506","post","type-post","status-publish","format-standard","has-post-thumbnail","hentry","category-politica"],"_links":{"self":[{"href":"https:\/\/conurbanodiario.com.ar\/index.php?rest_route=\/wp\/v2\/posts\/60506","targetHints":{"allow":["GET"]}}],"collection":[{"href":"https:\/\/conurbanodiario.com.ar\/index.php?rest_route=\/wp\/v2\/posts"}],"about":[{"href":"https:\/\/conurbanodiario.com.ar\/index.php?rest_route=\/wp\/v2\/types\/post"}],"author":[{"embeddable":true,"href":"https:\/\/conurbanodiario.com.ar\/index.php?rest_route=\/wp\/v2\/users\/1"}],"replies":[{"embeddable":true,"href":"https:\/\/conurbanodiario.com.ar\/index.php?rest_route=%2Fwp%2Fv2%2Fcomments&post=60506"}],"version-history":[{"count":1,"href":"https:\/\/conurbanodiario.com.ar\/index.php?rest_route=\/wp\/v2\/posts\/60506\/revisions"}],"predecessor-version":[{"id":60508,"href":"https:\/\/conurbanodiario.com.ar\/index.php?rest_route=\/wp\/v2\/posts\/60506\/revisions\/60508"}],"wp:featuredmedia":[{"embeddable":true,"href":"https:\/\/conurbanodiario.com.ar\/index.php?rest_route=\/wp\/v2\/media\/59656"}],"wp:attachment":[{"href":"https:\/\/conurbanodiario.com.ar\/index.php?rest_route=%2Fwp%2Fv2%2Fmedia&parent=60506"}],"wp:term":[{"taxonomy":"category","embeddable":true,"href":"https:\/\/conurbanodiario.com.ar\/index.php?rest_route=%2Fwp%2Fv2%2Fcategories&post=60506"},{"taxonomy":"post_tag","embeddable":true,"href":"https:\/\/conurbanodiario.com.ar\/index.php?rest_route=%2Fwp%2Fv2%2Ftags&post=60506"}],"curies":[{"name":"wp","href":"https:\/\/api.w.org\/{rel}","templated":true}]}}