{"id":6049,"date":"2020-07-18T03:05:00","date_gmt":"2020-07-18T06:05:00","guid":{"rendered":"http:\/\/conurbanodiario.com.ar\/?p=6049"},"modified":"2020-07-16T01:22:52","modified_gmt":"2020-07-16T04:22:52","slug":"el-precio-de-la-fibra-de-algodon-cayo-20-por-retraccion-de-la-demanda-ante-pandemia-de-coronavirus","status":"publish","type":"post","link":"https:\/\/conurbanodiario.com.ar\/?p=6049","title":{"rendered":"EL PRECIO DE LA FIBRA DE ALGOD\u00d3N CAY\u00d3 20% POR RETRACCI\u00d3N DE LA DEMANDA ANTE PANDEMIA DE CORONAVIRUS"},"content":{"rendered":"\n<p>La pandemia de coronavirus repercuti\u00f3 en general sobre la demanda de productos y en el caso de la fibra de algod\u00f3n esta merma determin\u00f3 una ca\u00edda del 20% en el precio a granel, una situaci\u00f3n que en el mercado local ocasion\u00f3 problemas en la cadena de pago sectorial y afect\u00f3 a los productores.<\/p>\n\n\n\n<p>La actual campa\u00f1a cerr\u00f3 con 145.000 hect\u00e1reas cosechadas en la provincia de Chacho, el principal distrito productor de algod\u00f3n del pa\u00eds. Ese total signific\u00f3 un sensible incremento de 32,6% respecto al per\u00edodo anterior, cuando se cosecharon 109.298 hect\u00e1reas.<\/p>\n\n\n\n<p>Uno de los datos relevantes de la campa\u00f1a previa fue que el \u00e1rea sembrada en el per\u00edodo 2018\/2019 fue 179.867 hect\u00e1reas en la provincia de Chaco. De ese total se perdieron cerca de 70.000 hect\u00e1reas a causa de las fuertes lluvias que afectaron a la regi\u00f3n.<\/p>\n\n\n\n<p>\u00abHay entusiasmo entre los productores porque la campa\u00f1a fue buena, aunque la baja en los precios de la fibra abre algunos interrogantes\u00bb, dijo a T\u00e9lam Mauricio Tcach, ingeniero agr\u00f3nomo de la Estaci\u00f3n Experimental del Instituto de Tecnolog\u00eda Agropecuaria (INTA), con sede en Presidencia Roque S\u00e1enz Pe\u00f1a.<\/p>\n\n\n\n<p>\u00abSi bien hay distintas \u00e1reas productivas y el crecimiento de este cultivo depende mucho de las condiciones clim\u00e1ticas, productivamente esta campa\u00f1a fue bastante buena\u00bb, agreg\u00f3 Tcach.<\/p>\n\n\n\n<p>El especialista se\u00f1al\u00f3 que en la campa\u00f1a reciente \u00abse dieron situaciones de cosecha muy favorables porque se pudo recolectar el algod\u00f3n sin inconvenientes\u00bb a diferencia de la campa\u00f1a anterior en la que las lluvias e inundaciones de campos provocaron p\u00e9rdidas de hasta el 37 por ciento de la superficie sembrada.<\/p>\n\n\n\n<p>Tcach sostuvo que el sector se vio afectado por la pandemia de coronavirus, por la fuerte retracci\u00f3n que registr\u00f3 la venta de manufactura textil a causa de las medidas de aislamiento y el cierre de los comercios del rubro, entre otras cuestiones.<\/p>\n\n\n\n<p>\u00abHubo algunos inconvenientes que tienen que ver con el rompimiento de la cadena de pagos porque las desmotadoras no pagaron a los productores por demoras de las hilander\u00edas y hubo desde rechazo de cheques hasta dificultades para conseguir alambres para atar los fardos de fibra de algod\u00f3n\u00bb, describi\u00f3.<\/p>\n\n\n\n<p>\u00abEso gener\u00f3 una gran incertidumbre porque por un lado hubo un resultado productivo interesante, pero a la vez desconcierto por el precio\u00bb, que se fija en Buenos Aires teniendo en cuenta el valor de la fibra en el mercado mundial que tiene como referencia valores que se pagan en Estados Unidos, agreg\u00f3 el especialista.<\/p>\n\n\n\n<p>\u00abAl bajar la demanda de algod\u00f3n hubo una retracci\u00f3n del mercado que tuvo efectos con cortes en la cadena de pagos\u00bb, se\u00f1al\u00f3 y estim\u00f3 que otra de la causante de esa situaci\u00f3n fue \u00abla baja del precio de alrededor del 20 por ciento en la tonelada de fibra\u00bb.<\/p>\n\n\n\n<p>Tcach dijo que \u00abesta incertidumbre abre interrogantes sobre la pr\u00f3xima campa\u00f1a tanto para Chaco como para las otras provincias que producen algod\u00f3n porque el precio cubri\u00f3 costos, en otros dej\u00f3 un peque\u00f1o margen pero no todos cobraron las cosechas que entregaron a las desmotadoras\u00bb.<\/p>\n\n\n\n<p>Tambi\u00e9n dijo que la decisi\u00f3n de siembra de algod\u00f3n en la pr\u00f3xima campa\u00f1a \u00abdepende de las condiciones del suelo del lote y consecuentemente del rinde que produce, que fue variado con 1.500 kilogramos por hect\u00e1reas hasta un m\u00e1ximo 4.000 kilogramos\u00bb.<\/p>\n\n\n\n<p>Al respecto se\u00f1al\u00f3 que \u00ablos mejores rendimientos se producen en zonas lim\u00edtrofe con Santiago del Estero, pero siempre todos los productores van a estar pendientes de los precios que se podr\u00e1n pagar en el mercado algodonero\u00bb.<\/p>\n\n\n\n<p>\u00abNo es frecuente el rinde de 4.000 kilogramos de algod\u00f3n por hect\u00e1rea y por eso el promedio de rendimiento es alrededor de 2.500 kilogramos por esa unidad de superficie\u00bb, remarc\u00f3.<\/p>\n\n\n\n<p>El ingeniero del INTA alert\u00f3 que \u00abtambi\u00e9n se debe tener en cuenta para la pr\u00f3xima campa\u00f1a si es que los productores algodoneros deciden insistir en este cultivo o implantar girasol si es que llueve, porque eso debe suceder para empezar a sembrar y eso puede hacer variar la superficie algodonera\u00bb.<\/p>\n\n\n\n<p>Si bien en Chaco el girasol se siembra entre fines julio y \u00faltimos d\u00edas de septiembre, en esta campa\u00f1a los productores definir\u00e1n los pr\u00f3ximos pasos sobre la base de la paradoja de que la precedente fue \u00abbuena en lo productivo, pero con problemas para el cobro por lo que sucedi\u00f3 con la pandemia\u00bb, concluy\u00f3 Tcach.<\/p>\n","protected":false},"excerpt":{"rendered":"<p>La pandemia de coronavirus repercuti\u00f3 en general sobre la demanda de productos y en el&#8230;<\/p>\n","protected":false},"author":1,"featured_media":59656,"comment_status":"open","ping_status":"open","sticky":false,"template":"","format":"standard","meta":{"footnotes":""},"categories":[5],"tags":[],"class_list":["post-6049","post","type-post","status-publish","format-standard","has-post-thumbnail","hentry","category-el-pais"],"_links":{"self":[{"href":"https:\/\/conurbanodiario.com.ar\/index.php?rest_route=\/wp\/v2\/posts\/6049","targetHints":{"allow":["GET"]}}],"collection":[{"href":"https:\/\/conurbanodiario.com.ar\/index.php?rest_route=\/wp\/v2\/posts"}],"about":[{"href":"https:\/\/conurbanodiario.com.ar\/index.php?rest_route=\/wp\/v2\/types\/post"}],"author":[{"embeddable":true,"href":"https:\/\/conurbanodiario.com.ar\/index.php?rest_route=\/wp\/v2\/users\/1"}],"replies":[{"embeddable":true,"href":"https:\/\/conurbanodiario.com.ar\/index.php?rest_route=%2Fwp%2Fv2%2Fcomments&post=6049"}],"version-history":[{"count":1,"href":"https:\/\/conurbanodiario.com.ar\/index.php?rest_route=\/wp\/v2\/posts\/6049\/revisions"}],"predecessor-version":[{"id":6051,"href":"https:\/\/conurbanodiario.com.ar\/index.php?rest_route=\/wp\/v2\/posts\/6049\/revisions\/6051"}],"wp:featuredmedia":[{"embeddable":true,"href":"https:\/\/conurbanodiario.com.ar\/index.php?rest_route=\/wp\/v2\/media\/59656"}],"wp:attachment":[{"href":"https:\/\/conurbanodiario.com.ar\/index.php?rest_route=%2Fwp%2Fv2%2Fmedia&parent=6049"}],"wp:term":[{"taxonomy":"category","embeddable":true,"href":"https:\/\/conurbanodiario.com.ar\/index.php?rest_route=%2Fwp%2Fv2%2Fcategories&post=6049"},{"taxonomy":"post_tag","embeddable":true,"href":"https:\/\/conurbanodiario.com.ar\/index.php?rest_route=%2Fwp%2Fv2%2Ftags&post=6049"}],"curies":[{"name":"wp","href":"https:\/\/api.w.org\/{rel}","templated":true}]}}