{"id":60483,"date":"2023-05-13T01:07:00","date_gmt":"2023-05-13T04:07:00","guid":{"rendered":"https:\/\/conurbanodiario.com.ar\/?p=60483"},"modified":"2023-05-11T20:29:45","modified_gmt":"2023-05-11T23:29:45","slug":"conmebol-multo-a-river-plate-por-uso-de-bengalas","status":"publish","type":"post","link":"https:\/\/conurbanodiario.com.ar\/?p=60483","title":{"rendered":"CONMEBOL MULT\u00d3 A RIVER PLATE POR USO DE BENGALAS"},"content":{"rendered":"\n<p>La Confederaci\u00f3n Sudamericana de F\u00fatbol (Conmebol) sancion\u00f3 a River Plate con 8 mil d\u00f3lares de multa por el uso de bengalas durante el partido contra Sporting Cristal, jugado el 19 de abril pasado en el estadio Monumental.<\/p>\n\n\n\n<p>En un comunicado publicado en su p\u00e1gina web, Conmebol impuso esta semana a River Plate \u201cuna multa de ocho mil d\u00f3lares por la infracci\u00f3n al art\u00edculo 12.2 literal c) del C\u00f3digo Disciplinario en concordancia con el art\u00edculo 27 del mismo cuerpo legal\u201d.<\/p>\n\n\n\n<p>La nota hace referencia al uso de bengalas esa noche en el estadio Monumental y advierte que de reiterarse el uso de pirot\u00e9cnica se podr\u00eda clausurar parcial o totalmente la cancha, por el plazo de dos encuentros.<\/p>\n\n\n\n<p>Esa noche, River derrot\u00f3 por 4 a 2 a Cristal en un partido correspondiente a la segunda fecha del grupo D de la Copa Libertadores de Am\u00e9rica de f\u00fatbol. <\/p>\n","protected":false},"excerpt":{"rendered":"<p>La Confederaci\u00f3n Sudamericana de F\u00fatbol (Conmebol) sancion\u00f3 a River Plate con 8 mil d\u00f3lares de&#8230;<\/p>\n","protected":false},"author":1,"featured_media":59656,"comment_status":"closed","ping_status":"closed","sticky":false,"template":"","format":"standard","meta":{"footnotes":""},"categories":[32],"tags":[],"class_list":["post-60483","post","type-post","status-publish","format-standard","has-post-thumbnail","hentry","category-deportes"],"_links":{"self":[{"href":"https:\/\/conurbanodiario.com.ar\/index.php?rest_route=\/wp\/v2\/posts\/60483","targetHints":{"allow":["GET"]}}],"collection":[{"href":"https:\/\/conurbanodiario.com.ar\/index.php?rest_route=\/wp\/v2\/posts"}],"about":[{"href":"https:\/\/conurbanodiario.com.ar\/index.php?rest_route=\/wp\/v2\/types\/post"}],"author":[{"embeddable":true,"href":"https:\/\/conurbanodiario.com.ar\/index.php?rest_route=\/wp\/v2\/users\/1"}],"replies":[{"embeddable":true,"href":"https:\/\/conurbanodiario.com.ar\/index.php?rest_route=%2Fwp%2Fv2%2Fcomments&post=60483"}],"version-history":[{"count":1,"href":"https:\/\/conurbanodiario.com.ar\/index.php?rest_route=\/wp\/v2\/posts\/60483\/revisions"}],"predecessor-version":[{"id":60485,"href":"https:\/\/conurbanodiario.com.ar\/index.php?rest_route=\/wp\/v2\/posts\/60483\/revisions\/60485"}],"wp:featuredmedia":[{"embeddable":true,"href":"https:\/\/conurbanodiario.com.ar\/index.php?rest_route=\/wp\/v2\/media\/59656"}],"wp:attachment":[{"href":"https:\/\/conurbanodiario.com.ar\/index.php?rest_route=%2Fwp%2Fv2%2Fmedia&parent=60483"}],"wp:term":[{"taxonomy":"category","embeddable":true,"href":"https:\/\/conurbanodiario.com.ar\/index.php?rest_route=%2Fwp%2Fv2%2Fcategories&post=60483"},{"taxonomy":"post_tag","embeddable":true,"href":"https:\/\/conurbanodiario.com.ar\/index.php?rest_route=%2Fwp%2Fv2%2Ftags&post=60483"}],"curies":[{"name":"wp","href":"https:\/\/api.w.org\/{rel}","templated":true}]}}