{"id":60463,"date":"2023-05-14T01:01:00","date_gmt":"2023-05-14T04:01:00","guid":{"rendered":"https:\/\/conurbanodiario.com.ar\/?p=60463"},"modified":"2023-05-11T17:37:37","modified_gmt":"2023-05-11T20:37:37","slug":"advierten-que-fumar-triplica-el-riesgo-de-tener-enfermedades-mas-graves-de-las-encias","status":"publish","type":"post","link":"https:\/\/conurbanodiario.com.ar\/?p=60463","title":{"rendered":"ADVIERTEN QUE FUMAR TRIPLICA EL RIESGO DE TENER ENFERMEDADES M\u00c1S GRAVES DE LAS ENC\u00cdAS"},"content":{"rendered":"\n<p>Las enfermedades de las enc\u00edas que pueden llevar a la p\u00e9rdida de los dientes son tres veces m\u00e1s frecuentes en las personas fumadoras, y a la vez son patolog\u00edas que adquieren \u00abmayor gravedad\u00bb porque el tabaquismo enmascara los s\u00edntomas tempranos como el sangrado de enc\u00edas, advirtieron esta semana odont\u00f3logos  en el marco del D\u00eda de la Salud de las Enc\u00edas que se conmemor\u00f3 el 12 de mayo.<\/p>\n\n\n\n<p>\u00abA nivel bucal, el tabaquismo disminuye el sistema de defensas y favorece la proliferaci\u00f3n de microorganismos, llamados pat\u00f3genos periodontales, que producen lesiones en los tejidos que rodean al diente\u00bb, explic\u00f3 Alejandra Patricia Tortarolo, odont\u00f3loga miembro de la Comisi\u00f3n Directiva de la Sociedad Argentina de Periodoncia (SAP).<\/p>\n\n\n\n<p>\u00abLa comunidad cient\u00edfica de todo el mundo coincide en que el tabaquismo triplica el riesgo de padecer enfermedades de las enc\u00edas. Est\u00e1 altamente demostrada la relaci\u00f3n\u00bb, continu\u00f3 la especialista en Periodoncia, rama de la Odontolog\u00eda que se encarga de las patolog\u00edas que afectan a las enc\u00edas y estructuras de soporte de los dientes.<\/p>\n\n\n\n<p>Para concientizar sobre la importancia que tiene dejar de fumar para la salud bucal, la Asociaci\u00f3n Argentina de Medicina Respiratoria y la Sociedad Argentina de Periodoncia se unieron para realizar acciones colaborativas en el marco del D\u00eda de la Salud de las Enc\u00edas que la Federaci\u00f3n Europea de Periodoncia (EFP) impulsa cada 12 de mayo en m\u00e1s de 40 pa\u00edses.<\/p>\n\n\n\n<p>Entre las patolog\u00edas bucales m\u00e1s frecuentes en la Argentina se destacan la caries y las enfermedades de las enc\u00edas, como periodontitis o gingivitis, situaci\u00f3n que se repite a nivel mundial donde el 45 por ciento de la poblaci\u00f3n (3.500 millones de personas) padece alguna afecci\u00f3n odontol\u00f3gica, seg\u00fan el \u00faltimo informe de la Organizaci\u00f3n Mundial de la Salud (OMS) publicado a finales del a\u00f1o pasado.<\/p>\n\n\n\n<p>La enfermedad periodontal, que puede causar la p\u00e9rdida de hueso y dientes, es una patolog\u00eda de origen multifactorial, infecciosa e inflamatoria que se localiza en los tejidos que sostienen a los dientes y en las enc\u00edas que los protegen.<\/p>\n\n\n\n<p>La causa fundamental son las bacterias comunes de la boca que se pegan en la superficie de los dientes y forman una pel\u00edcula invisible que genera una respuesta inflamatoria de las enc\u00edas caracterizada por el cambio de color (generalmente rojizo), hinchaz\u00f3n de las enc\u00edas, sangrado al cepillado o al comer y, eventualmente, salida de pus al comprimirlas.<\/p>\n\n\n\n<p>En los estadios avanzados se detecta movilidad de las piezas dentarias y, sin tratamiento, puede terminar con la p\u00e9rdida del diente.<\/p>\n\n\n\n<p>\u00abEl tabaquismo acelera este proceso y lo agrava dado la cantidad de toxinas que contiene, sumado al calor y al humo, que generan condiciones en la boca que favorecen el mayor crecimiento de estos microorganismos pat\u00f3genos\u00bb, se\u00f1al\u00f3 Tortarolo.<\/p>\n\n\n\n<p>Por su parte, Paula Pedreira, expresidenta de la SAP, indic\u00f3 que \u00abel tabaco hace que la enfermedad periodontal sea mucho m\u00e1s severa y dificulta el tratamiento. Si el paciente sigue fumando, sigue poni\u00e9ndole toxinas a las enc\u00edas\u00bb.<\/p>\n\n\n\n<p>Asimismo, la odont\u00f3loga advirti\u00f3 que las personas fumadoras tienen una \u00abrespuesta lentificada\u00bb al tratamiento y remarc\u00f3 que las consecuencias de la enfermedad periodontal son \u00abmucho m\u00e1s graves\u00bb porque el tabaco minimiza los primeros s\u00edntomas.<\/p>\n\n\n\n<p>Sobre este punto, Tortarolo precis\u00f3 que \u00abel paciente fumador muchas veces no ve su enc\u00eda inflamada porque el cigarrillo lo enmascara, pero la destrucci\u00f3n interna es m\u00e1s severa que si no fumara\u00bb.<\/p>\n\n\n\n<p>As\u00ed, el tabaco reduce el sangrado de las enc\u00edas, el primer signo de la enfermedad, porque genera un efecto vasoconstrictor que dificulta la circulaci\u00f3n sangu\u00ednea.<\/p>\n\n\n\n<p>\u00abPor eso decimos que la enc\u00eda r\u00ede por fuera, pero llora por dentro. Aunque la enc\u00eda no sangre, la destrucci\u00f3n es grave internamente\u00bb, grafic\u00f3 Tortarolo.<\/p>\n\n\n\n<p>Estudios promovidos por la SAP y la Confederaci\u00f3n Odontol\u00f3gica de la Rep\u00fablica Argentina (Cora) revelaron que el 96,8 por ciento de la poblaci\u00f3n adulta presentaba alg\u00fan grado de patolog\u00eda periodontal y el 14,3 por ciento necesitaba tratamiento complejo.<\/p>\n\n\n\n<p>\u00abLo que alertan los estudios es que s\u00f3lo el 3,2 por ciento de la poblaci\u00f3n estaba con salud periodontal\u00bb, remarc\u00f3 Pedreira y se\u00f1al\u00f3 que desde la comunidad odontol\u00f3gica lamentan que \u00abno ha disminuido en el tiempo el n\u00famero de pacientes con enfermedad periodontal\u00bb.<\/p>\n\n\n\n<p>\u00abEs una pena, pero no hay mejora. Los n\u00fameros se mantienen estables en todo el mundo\u00bb, agreg\u00f3 la especialista y explic\u00f3 que las sociedades cient\u00edficas impulsan que \u00abla poblaci\u00f3n general pueda identificar que el sangrado de enc\u00edas es un problema que hay que darle tratamiento. Una enc\u00eda sana no sangra\u00bb.<\/p>\n\n\n\n<p>En la mayor\u00eda de los casos el tratamiento consiste en ense\u00f1arle al paciente una higiene bucal adecuada y el odont\u00f3logo realiza un raspaje de la superficie del diente en profundidad, mientras que, en casos de enfermedad avanzada, una \u00abpeque\u00f1a porci\u00f3n\u00bb de los pacientes requerir\u00e1 antibi\u00f3ticos o cirug\u00edas, precis\u00f3 Tortarolo.<\/p>\n\n\n\n<p>Sobre las medidas de prevenci\u00f3n, las especialistas remarcaron la importancia de visitar al odont\u00f3logo dos veces por a\u00f1o y mantener \u00abla higiene diaria con cepillo dental y un elemento de limpieza interdental porque si usamos s\u00f3lo cepillo dejamos casi la mitad de la boca sin limpiar\u00bb.<\/p>\n\n\n\n<p>A su vez, destacaron que la salud bucal es tan importante como la salud general, ya que a ra\u00edz de problemas odontol\u00f3gicos pueden surgir otras patolog\u00edas.<\/p>\n\n\n\n<p>\u00abLas bacterias cuando penetran entre la enc\u00eda y el diente pasan al torrente sangu\u00edneo, pudiendo viajar e instalarse en cualquier \u00f3rgano. Eso puede favorecer el desarrollo de algunas enfermedades o agravar las ya existentes\u00bb, explic\u00f3 Tortarolo y detall\u00f3 que ya se encontr\u00f3 relaci\u00f3n \u00abcon 57 alteraciones sist\u00e9micas como diabetes, enfermedad cardiovascular, cerebrovascular, parto prematuro, bajo peso al nacer o Alzheimer\u00bb.<\/p>\n\n\n\n<p>Bajo el lema \u00ab\u00a1Unas enc\u00edas sanas te sientan bien! \u00a1Prot\u00e9gelas!\u00bb, este a\u00f1o la SAP y los c\u00edrculos odontol\u00f3gicos desarrollan campa\u00f1as de higiene oral en todo el pa\u00eds que se pueden consultar en el sitio https:\/\/saperiodoncia.org.ar y en las redes sociales (https:\/\/www.instagram.com\/sap.periodoncia\/).<\/p>\n\n\n\n<p>En tanto, en la provincia de Buenos Aires habr\u00e1 actividades en el Hospital Posadas de la localidad de El Palomar y en el Hospital Dr. Ram\u00f3n Carrillo de Ciudadela. <\/p>\n","protected":false},"excerpt":{"rendered":"<p>Las enfermedades de las enc\u00edas que pueden llevar a la p\u00e9rdida de los dientes son&#8230;<\/p>\n","protected":false},"author":1,"featured_media":59656,"comment_status":"closed","ping_status":"closed","sticky":false,"template":"","format":"standard","meta":{"footnotes":""},"categories":[33,5],"tags":[],"class_list":["post-60463","post","type-post","status-publish","format-standard","has-post-thumbnail","hentry","category-destacados","category-el-pais"],"_links":{"self":[{"href":"https:\/\/conurbanodiario.com.ar\/index.php?rest_route=\/wp\/v2\/posts\/60463","targetHints":{"allow":["GET"]}}],"collection":[{"href":"https:\/\/conurbanodiario.com.ar\/index.php?rest_route=\/wp\/v2\/posts"}],"about":[{"href":"https:\/\/conurbanodiario.com.ar\/index.php?rest_route=\/wp\/v2\/types\/post"}],"author":[{"embeddable":true,"href":"https:\/\/conurbanodiario.com.ar\/index.php?rest_route=\/wp\/v2\/users\/1"}],"replies":[{"embeddable":true,"href":"https:\/\/conurbanodiario.com.ar\/index.php?rest_route=%2Fwp%2Fv2%2Fcomments&post=60463"}],"version-history":[{"count":1,"href":"https:\/\/conurbanodiario.com.ar\/index.php?rest_route=\/wp\/v2\/posts\/60463\/revisions"}],"predecessor-version":[{"id":60465,"href":"https:\/\/conurbanodiario.com.ar\/index.php?rest_route=\/wp\/v2\/posts\/60463\/revisions\/60465"}],"wp:featuredmedia":[{"embeddable":true,"href":"https:\/\/conurbanodiario.com.ar\/index.php?rest_route=\/wp\/v2\/media\/59656"}],"wp:attachment":[{"href":"https:\/\/conurbanodiario.com.ar\/index.php?rest_route=%2Fwp%2Fv2%2Fmedia&parent=60463"}],"wp:term":[{"taxonomy":"category","embeddable":true,"href":"https:\/\/conurbanodiario.com.ar\/index.php?rest_route=%2Fwp%2Fv2%2Fcategories&post=60463"},{"taxonomy":"post_tag","embeddable":true,"href":"https:\/\/conurbanodiario.com.ar\/index.php?rest_route=%2Fwp%2Fv2%2Ftags&post=60463"}],"curies":[{"name":"wp","href":"https:\/\/api.w.org\/{rel}","templated":true}]}}