{"id":60304,"date":"2023-05-15T01:07:00","date_gmt":"2023-05-15T04:07:00","guid":{"rendered":"https:\/\/conurbanodiario.com.ar\/?p=60304"},"modified":"2023-05-09T18:27:42","modified_gmt":"2023-05-09T21:27:42","slug":"antonio-birabent-se-presenta-en-el-auditorium-de-mar-del-plata","status":"publish","type":"post","link":"https:\/\/conurbanodiario.com.ar\/?p=60304","title":{"rendered":"ANTONIO BIRABENT SE PRESENTA EN EL AUDIT\u00d3RIUM DE MAR DEL PLATA"},"content":{"rendered":"\n<p>El m\u00fasico Antonio Birabent se presentar\u00e1 el s\u00e1bado 20 de mayo a las 21 en la sala \u201cRoberto J. Payr\u00f3\u201d del Teatro Audit\u00f3rium de Mar del Plata a 30 a\u00f1os de la grabaci\u00f3n de \u201cTodo este tiempo\u201d, su primer \u00e1lbum musical.<\/p>\n\n\n\n<p>Dentro del repertorio discogr\u00e1fico-musical, este proyecto propone hacer una reposici\u00f3n con reversiones de su cancionero.<\/p>\n\n\n\n<p>En una discograf\u00eda de 27 discos, Birabent seleccion\u00f3 quince temas para los que convoc\u00f3 cantantes y m\u00fasicos de distintos estilos y g\u00e9neros musicales.<\/p>\n\n\n\n<p>El recital transitar\u00e1 canciones de corte folcl\u00f3rico como lo fue la versi\u00f3n de \u00abR\u00edo en espiral\u00bb con Mercedes Sosa o temas rockeros de su disco \u00bbHijos del Rock\u00bb, por ejemplo. Asimismo el recorrido de \u00bbCanciones cantadas con cuerdas\u00bb de su disco que fue editado a finales del 2020. <\/p>\n","protected":false},"excerpt":{"rendered":"<p>El m\u00fasico Antonio Birabent se presentar\u00e1 el s\u00e1bado 20 de mayo a las 21 en&#8230;<\/p>\n","protected":false},"author":1,"featured_media":59656,"comment_status":"closed","ping_status":"closed","sticky":false,"template":"","format":"standard","meta":{"footnotes":""},"categories":[8],"tags":[],"class_list":["post-60304","post","type-post","status-publish","format-standard","has-post-thumbnail","hentry","category-cultura"],"_links":{"self":[{"href":"https:\/\/conurbanodiario.com.ar\/index.php?rest_route=\/wp\/v2\/posts\/60304","targetHints":{"allow":["GET"]}}],"collection":[{"href":"https:\/\/conurbanodiario.com.ar\/index.php?rest_route=\/wp\/v2\/posts"}],"about":[{"href":"https:\/\/conurbanodiario.com.ar\/index.php?rest_route=\/wp\/v2\/types\/post"}],"author":[{"embeddable":true,"href":"https:\/\/conurbanodiario.com.ar\/index.php?rest_route=\/wp\/v2\/users\/1"}],"replies":[{"embeddable":true,"href":"https:\/\/conurbanodiario.com.ar\/index.php?rest_route=%2Fwp%2Fv2%2Fcomments&post=60304"}],"version-history":[{"count":1,"href":"https:\/\/conurbanodiario.com.ar\/index.php?rest_route=\/wp\/v2\/posts\/60304\/revisions"}],"predecessor-version":[{"id":60306,"href":"https:\/\/conurbanodiario.com.ar\/index.php?rest_route=\/wp\/v2\/posts\/60304\/revisions\/60306"}],"wp:featuredmedia":[{"embeddable":true,"href":"https:\/\/conurbanodiario.com.ar\/index.php?rest_route=\/wp\/v2\/media\/59656"}],"wp:attachment":[{"href":"https:\/\/conurbanodiario.com.ar\/index.php?rest_route=%2Fwp%2Fv2%2Fmedia&parent=60304"}],"wp:term":[{"taxonomy":"category","embeddable":true,"href":"https:\/\/conurbanodiario.com.ar\/index.php?rest_route=%2Fwp%2Fv2%2Fcategories&post=60304"},{"taxonomy":"post_tag","embeddable":true,"href":"https:\/\/conurbanodiario.com.ar\/index.php?rest_route=%2Fwp%2Fv2%2Ftags&post=60304"}],"curies":[{"name":"wp","href":"https:\/\/api.w.org\/{rel}","templated":true}]}}