{"id":60209,"date":"2023-05-15T01:08:00","date_gmt":"2023-05-15T04:08:00","guid":{"rendered":"https:\/\/conurbanodiario.com.ar\/?p=60209"},"modified":"2023-05-08T02:33:56","modified_gmt":"2023-05-08T05:33:56","slug":"varela-seminarios-de-rcp-y-primeros-auxilios-para-inscriptos-e-inscriptas-al-programa-progresar","status":"publish","type":"post","link":"https:\/\/conurbanodiario.com.ar\/?p=60209","title":{"rendered":"VARELA: SEMINARIOS DE RCP Y PRIMEROS AUXILIOS PARA INSCRIPTOS E INSCRIPTAS AL PROGRAMA PROGRESAR"},"content":{"rendered":"\n<p>La Comuna abre el periodo de matriculaci\u00f3n al curso destinado a j\u00f3venes varelenses mayores de 16 a\u00f1os nucleados en la iniciativa federal, estipulado para el viernes 19 de mayo a las 17 hs. en el Centro de Entrenamiento Municipal de Simulaci\u00f3n Cl\u00ednica (CEMSiC), ubicado en Gervasio de Posadas N\u00ba 2999.<\/p>\n\n\n\n<p>Respecto a la jornada, el jefe de Departamento de Pol\u00edticas de Abordaje Territorial en la Secretar\u00eda de Educaci\u00f3n local -Mariano Dom\u00ednguez- destaca la posibilidad de \u201cacompa\u00f1ar m\u00e1s all\u00e1 del aspecto econ\u00f3mico\u201d.<\/p>\n\n\n\n<p>En relaci\u00f3n a la tem\u00e1tica del encuentro que da inicio al ciclo 2023, define a las maniobras de ayuda temprana en situaciones de riesgo como \u201cherramientas fundamentales ante cualquier urgencia\u00bb.<\/p>\n\n\n\n<p>Por otra parte, Dom\u00ednguez valora \u201cla estrategia nacional para la continuidad de las trayectorias pedag\u00f3gicas\u00bb. Luego, recuerda algunas de las propuestas desarrolladas durante el a\u00f1o pasado como \u00abel acceso a la primera licencia de conducir, alimentaci\u00f3n saludable y noviazgos violentos\u201d.<\/p>\n\n\n\n<p>Interesados e interesadas, enviar un correo electr\u00f3nico a capacitacionesprogresar@gmail.com hasta el martes 16 del corriente mes. Los cupos son limitados.<\/p>\n","protected":false},"excerpt":{"rendered":"<p>La Comuna abre el periodo de matriculaci\u00f3n al curso destinado a j\u00f3venes varelenses mayores de&#8230;<\/p>\n","protected":false},"author":1,"featured_media":59656,"comment_status":"closed","ping_status":"closed","sticky":false,"template":"","format":"standard","meta":{"footnotes":""},"categories":[31],"tags":[],"class_list":["post-60209","post","type-post","status-publish","format-standard","has-post-thumbnail","hentry","category-salud"],"_links":{"self":[{"href":"https:\/\/conurbanodiario.com.ar\/index.php?rest_route=\/wp\/v2\/posts\/60209","targetHints":{"allow":["GET"]}}],"collection":[{"href":"https:\/\/conurbanodiario.com.ar\/index.php?rest_route=\/wp\/v2\/posts"}],"about":[{"href":"https:\/\/conurbanodiario.com.ar\/index.php?rest_route=\/wp\/v2\/types\/post"}],"author":[{"embeddable":true,"href":"https:\/\/conurbanodiario.com.ar\/index.php?rest_route=\/wp\/v2\/users\/1"}],"replies":[{"embeddable":true,"href":"https:\/\/conurbanodiario.com.ar\/index.php?rest_route=%2Fwp%2Fv2%2Fcomments&post=60209"}],"version-history":[{"count":1,"href":"https:\/\/conurbanodiario.com.ar\/index.php?rest_route=\/wp\/v2\/posts\/60209\/revisions"}],"predecessor-version":[{"id":60211,"href":"https:\/\/conurbanodiario.com.ar\/index.php?rest_route=\/wp\/v2\/posts\/60209\/revisions\/60211"}],"wp:featuredmedia":[{"embeddable":true,"href":"https:\/\/conurbanodiario.com.ar\/index.php?rest_route=\/wp\/v2\/media\/59656"}],"wp:attachment":[{"href":"https:\/\/conurbanodiario.com.ar\/index.php?rest_route=%2Fwp%2Fv2%2Fmedia&parent=60209"}],"wp:term":[{"taxonomy":"category","embeddable":true,"href":"https:\/\/conurbanodiario.com.ar\/index.php?rest_route=%2Fwp%2Fv2%2Fcategories&post=60209"},{"taxonomy":"post_tag","embeddable":true,"href":"https:\/\/conurbanodiario.com.ar\/index.php?rest_route=%2Fwp%2Fv2%2Ftags&post=60209"}],"curies":[{"name":"wp","href":"https:\/\/api.w.org\/{rel}","templated":true}]}}