{"id":60069,"date":"2023-05-03T01:06:00","date_gmt":"2023-05-03T04:06:00","guid":{"rendered":"https:\/\/conurbanodiario.com.ar\/?p=60069"},"modified":"2023-05-12T20:26:00","modified_gmt":"2023-05-12T23:26:00","slug":"hallaron-culpables-a-dos-menores-por-el-robo-y-el-crimen-de-un-taxista-en-bahia-blanca","status":"publish","type":"post","link":"https:\/\/conurbanodiario.com.ar\/?p=60069","title":{"rendered":"HALLARON CULPABLES A DOS MENORES POR EL ROBO Y EL CRIMEN DE UN TAXISTA EN BAH\u00cdA BLANCA"},"content":{"rendered":"\n<p>Dos menores de edad fueron hallados culpables por haber asaltado y asesinado a Miguel \u00c1ngel Varela (60), un taxista baleado el 30 de abril del 2022 en la localidad bonaerense de Bah\u00eda Blanca y quien, tras varios meses de agon\u00eda, falleci\u00f3 el 27 de agosto de ese mismo a\u00f1o como consecuencia de la gravedad de las heridas, informaron fuentes judiciales.<\/p>\n\n\n\n<p>El fallo fue dictado por el Tribunal de Responsabilidad Penal Juvenil del Departamento Judicial de Bah\u00eda Blanca, compuesto por Natalia Giombi, Claudia Olivera y Pedro Mor\u00e1n, quienes declararon autores penalmente responsables a los dos menores de edad -de quienes se preservan sus identidades por cuestiones legales- por los delitos de \u201chomicidio agravado criminis causa y robo agravado por el empleo de arma de fuego apta para el disparo y por su comisi\u00f3n en poblado y en banda\u201d.<\/p>\n\n\n\n<p>Seg\u00fan la fiscal Betina \u00dangaro, titular de la Unidad Funcional de Instrucci\u00f3n (UFI) 1 del Fuero de la Responsabilidad Penal Juvenil del mencionado Departamento Judicial, el hecho se produjo el 30 de abril del 2022 cuando los dos menores, junto a un c\u00f3mplice mayor de edad, abordaron el veh\u00edculo de la firma Bah\u00eda Taxi, en la intersecci\u00f3n de las calles Brickman y Esmeralda de la mencionada localidad del sur de la provincia de Buenos Aires, con intenciones de cometer un robo a mano a armada.<\/p>\n\n\n\n<p>Los voceros indicaron que cuando circulaban por la calle Chile al 3800, uno de los delincuentes que ten\u00eda en su poder un arma de fuego se abalanz\u00f3 sobre la v\u00edctima, lo tom\u00f3 del cuello y comenz\u00f3 a golpearlo en la cabeza y, mientras le profer\u00eda amenazas, los otros le ped\u00edan dinero y el tel\u00e9fono celular.<\/p>\n\n\n\n<p>En esas circunstancias, uno de los delincuentes le efectu\u00f3 un disparo a la v\u00edctima en la regi\u00f3n cervical, lo que le provoc\u00f3 lesiones grav\u00edsimas que le produjeron la muerte el d\u00eda 27 de agosto de ese mismo a\u00f1o.<\/p>\n\n\n\n<p>Seg\u00fan consta en la requisitoria de elevaci\u00f3n a juicio, la fiscal\u00eda detall\u00f3 que el delincuente efectu\u00f3 el disparo \u201ccon la finalidad de facilitar, consumar o asegurar el resultado del desapoderamiento de la billetera, el dinero y el celular del hombre\u201d.<\/p>\n\n\n\n<p>Seg\u00fan Betina \u00dangaro, durante el juicio se pudo probar la tesis sostenida por la fiscal\u00eda en cuanto a que estas personas participaron en el hecho y, adem\u00e1s, gracias a la declaraci\u00f3n que realiz\u00f3 la v\u00edctima mientras a\u00fan permanec\u00eda internada en terapia intensiva, lograron determinar c\u00f3mo fue la mec\u00e1nica del hecho y cu\u00e1l fue la participaci\u00f3n de cada uno de los investigados.<\/p>\n\n\n\n<p>\u201cEs importante recordar que hay tres personas involucradas en el hecho, uno mayor de edad que se encuentra detenido y los otros dos menores de edad que tambi\u00e9n est\u00e1n detenidos hace varios meses\u201d, explic\u00f3 la fiscal Betina \u00dangaro, en referencia a los dos j\u00f3venes declarados culpables ayer.<\/p>\n\n\n\n<p>Ante un delito tan grave, la fiscal afirm\u00f3 que los j\u00f3venes pueden ser condenados ya que se trata de personas mayores de 16 a\u00f1os, aunque no se le puede aplicar pena hasta que cumplan 18 a\u00f1os.<\/p>\n\n\n\n<p>Seg\u00fan la fiscal, \u201cuno de ellos ya los cumpli\u00f3 y al otro le restan unos meses\u201d.<\/p>\n\n\n\n<p>Los voceros indicaron que la ley penal juvenil establece que a los imputados se los debe someter a un tratamiento durante mas de un a\u00f1o y, seg\u00fan explic\u00f3 Ungaro, \u201ctodas esas condiciones se est\u00e1n cumpliendo ahora y pr\u00f3ximamente se va a establecer en una audiencia cu\u00e1l es el monto de la pena y la modalidad\u201d. <\/p>\n","protected":false},"excerpt":{"rendered":"<p>Dos menores de edad fueron hallados culpables por haber asaltado y asesinado a Miguel \u00c1ngel&#8230;<\/p>\n","protected":false},"author":1,"featured_media":59656,"comment_status":"closed","ping_status":"closed","sticky":false,"template":"","format":"standard","meta":{"footnotes":""},"categories":[29],"tags":[],"class_list":["post-60069","post","type-post","status-publish","format-standard","has-post-thumbnail","hentry","category-judiciales"],"_links":{"self":[{"href":"https:\/\/conurbanodiario.com.ar\/index.php?rest_route=\/wp\/v2\/posts\/60069","targetHints":{"allow":["GET"]}}],"collection":[{"href":"https:\/\/conurbanodiario.com.ar\/index.php?rest_route=\/wp\/v2\/posts"}],"about":[{"href":"https:\/\/conurbanodiario.com.ar\/index.php?rest_route=\/wp\/v2\/types\/post"}],"author":[{"embeddable":true,"href":"https:\/\/conurbanodiario.com.ar\/index.php?rest_route=\/wp\/v2\/users\/1"}],"replies":[{"embeddable":true,"href":"https:\/\/conurbanodiario.com.ar\/index.php?rest_route=%2Fwp%2Fv2%2Fcomments&post=60069"}],"version-history":[{"count":1,"href":"https:\/\/conurbanodiario.com.ar\/index.php?rest_route=\/wp\/v2\/posts\/60069\/revisions"}],"predecessor-version":[{"id":60070,"href":"https:\/\/conurbanodiario.com.ar\/index.php?rest_route=\/wp\/v2\/posts\/60069\/revisions\/60070"}],"wp:featuredmedia":[{"embeddable":true,"href":"https:\/\/conurbanodiario.com.ar\/index.php?rest_route=\/wp\/v2\/media\/59656"}],"wp:attachment":[{"href":"https:\/\/conurbanodiario.com.ar\/index.php?rest_route=%2Fwp%2Fv2%2Fmedia&parent=60069"}],"wp:term":[{"taxonomy":"category","embeddable":true,"href":"https:\/\/conurbanodiario.com.ar\/index.php?rest_route=%2Fwp%2Fv2%2Fcategories&post=60069"},{"taxonomy":"post_tag","embeddable":true,"href":"https:\/\/conurbanodiario.com.ar\/index.php?rest_route=%2Fwp%2Fv2%2Ftags&post=60069"}],"curies":[{"name":"wp","href":"https:\/\/api.w.org\/{rel}","templated":true}]}}