{"id":60057,"date":"2023-05-03T01:02:00","date_gmt":"2023-05-03T04:02:00","guid":{"rendered":"https:\/\/conurbanodiario.com.ar\/?p=60057"},"modified":"2023-05-12T20:26:00","modified_gmt":"2023-05-12T23:26:00","slug":"desvio-en-el-bajo-nivel-de-lisandro-de-la-torre-y-24","status":"publish","type":"post","link":"https:\/\/conurbanodiario.com.ar\/?p=60057","title":{"rendered":"DESV\u00cdO EN EL BAJO NIVEL DE LISANDRO DE LA TORRE Y 24"},"content":{"rendered":"\n<p><strong>Debido a obras de renovaci\u00f3n y mejoramiento de las v\u00edas del Ferrocarril General Roca, el paso bajo nivel de Lisandro de la Torre y 24 permanecer\u00e1 cerrado y los veh\u00edculos deber\u00e1n desviarse. Estos trabajos ser\u00e1n tanto diurnos, como nocturnos, con un plazo estimado de 40 d\u00edas.<\/strong><\/p>\n\n\n\n<p>Por esta raz\u00f3n, se le solicita a las conductoras y los conductores circular con precauci\u00f3n, as\u00ed como respetar el se\u00f1alamiento provisorio y los desv\u00edos propuestos, con el objetivo de no interferir con la circulaci\u00f3n y el desarrollo normal de los trabajos.<\/p>\n","protected":false},"excerpt":{"rendered":"<p>Debido a obras de renovaci\u00f3n y mejoramiento de las v\u00edas del Ferrocarril General Roca, el&#8230;<\/p>\n","protected":false},"author":1,"featured_media":59656,"comment_status":"closed","ping_status":"closed","sticky":false,"template":"","format":"standard","meta":{"footnotes":""},"categories":[33,3],"tags":[],"class_list":["post-60057","post","type-post","status-publish","format-standard","has-post-thumbnail","hentry","category-destacados","category-informacion-general"],"_links":{"self":[{"href":"https:\/\/conurbanodiario.com.ar\/index.php?rest_route=\/wp\/v2\/posts\/60057","targetHints":{"allow":["GET"]}}],"collection":[{"href":"https:\/\/conurbanodiario.com.ar\/index.php?rest_route=\/wp\/v2\/posts"}],"about":[{"href":"https:\/\/conurbanodiario.com.ar\/index.php?rest_route=\/wp\/v2\/types\/post"}],"author":[{"embeddable":true,"href":"https:\/\/conurbanodiario.com.ar\/index.php?rest_route=\/wp\/v2\/users\/1"}],"replies":[{"embeddable":true,"href":"https:\/\/conurbanodiario.com.ar\/index.php?rest_route=%2Fwp%2Fv2%2Fcomments&post=60057"}],"version-history":[{"count":1,"href":"https:\/\/conurbanodiario.com.ar\/index.php?rest_route=\/wp\/v2\/posts\/60057\/revisions"}],"predecessor-version":[{"id":60059,"href":"https:\/\/conurbanodiario.com.ar\/index.php?rest_route=\/wp\/v2\/posts\/60057\/revisions\/60059"}],"wp:featuredmedia":[{"embeddable":true,"href":"https:\/\/conurbanodiario.com.ar\/index.php?rest_route=\/wp\/v2\/media\/59656"}],"wp:attachment":[{"href":"https:\/\/conurbanodiario.com.ar\/index.php?rest_route=%2Fwp%2Fv2%2Fmedia&parent=60057"}],"wp:term":[{"taxonomy":"category","embeddable":true,"href":"https:\/\/conurbanodiario.com.ar\/index.php?rest_route=%2Fwp%2Fv2%2Fcategories&post=60057"},{"taxonomy":"post_tag","embeddable":true,"href":"https:\/\/conurbanodiario.com.ar\/index.php?rest_route=%2Fwp%2Fv2%2Ftags&post=60057"}],"curies":[{"name":"wp","href":"https:\/\/api.w.org\/{rel}","templated":true}]}}