{"id":60054,"date":"2023-05-03T01:04:00","date_gmt":"2023-05-03T04:04:00","guid":{"rendered":"https:\/\/conurbanodiario.com.ar\/?p=60054"},"modified":"2023-05-12T20:26:00","modified_gmt":"2023-05-12T23:26:00","slug":"inauguraron-obras-en-la-primaria-no-19-del-parque-pereyra","status":"publish","type":"post","link":"https:\/\/conurbanodiario.com.ar\/?p=60054","title":{"rendered":"INAUGURARON OBRAS EN LA PRIMARIA N\u00ba 19 DEL PARQUE PEREYRA"},"content":{"rendered":"\n<p><strong>Se inauguraron tres aulas y una plaza para la Escuela Primaria N\u00ba 19 del Parque Pereyra. Asimismo, se impuso el nombre \u201cH\u00e9roes y Hero\u00ednas de Malvinas\u201d a la biblioteca del establecimiento. El intendente Juan Jos\u00e9 Mussi encabez\u00f3 el acto, acompa\u00f1ado de la comunidad educativa.<\/strong><\/p>\n\n\n\n<p>La Primaria N\u00b0 19 cuenta con una matr\u00edcula de 291 alumnos. Adem\u00e1s de las obras inauguradas, entre 2022 y 2023 se instalaron nueve aires acondicionados, se construyeron un patio y un play\u00f3n deportivo, se ampliaron dos aulas, se reform\u00f3 el comedor y se equiparon diferentes dependencias con mobiliario, impresoras, sillas, mesas y escritorios.<\/p>\n\n\n\n<p>Durante su discurso, Mussi le agradeci\u00f3, especialmente, \u00aba las y los docentes por la calidad educativa que brindan. Sabemos muy bien que un chico que est\u00e1 c\u00f3modo, aprende mejor. Vamos a seguir ayudando en todo lo que podamos. Cada vez que recibimos recursos econ\u00f3micos, priorizamos la educaci\u00f3n. As\u00ed que, bienvenidos y bienvenidas los juegos de la plaza, las aulas y el nombre de H\u00e9roes y Hero\u00ednas de Malvinas para la biblioteca\u201d.<\/p>\n\n\n\n<p>En tanto, la directora de la escuela -Leticia Ramos- expres\u00f3: \u201cHace casi dos meses que estoy como directora en este lugar y es un orgullo, es una de las escuelas m\u00e1s lindas. Les agradezco al intendente Mussi y al Consejo Escolar por responder siempre por la educaci\u00f3n p\u00fablica de Berazategui. Necesitamos darle esperanzas a los ni\u00f1os, \u00a1sigamos bregando por un futuro mejor!\u201d.<\/p>\n\n\n\n<p>La plaza inaugurada fue relocalizada y puesta en valor para uso com\u00fan de la Primaria, el Jard\u00edn de Infantes N\u00ba 936 y la Escuela Agraria N\u00ba 1.<\/p>\n","protected":false},"excerpt":{"rendered":"<p>Se inauguraron tres aulas y una plaza para la Escuela Primaria N\u00ba 19 del Parque&#8230;<\/p>\n","protected":false},"author":1,"featured_media":59656,"comment_status":"closed","ping_status":"closed","sticky":false,"template":"","format":"standard","meta":{"footnotes":""},"categories":[1,27],"tags":[],"class_list":["post-60054","post","type-post","status-publish","format-standard","has-post-thumbnail","hentry","category-noticia-del-dia","category-educacion"],"_links":{"self":[{"href":"https:\/\/conurbanodiario.com.ar\/index.php?rest_route=\/wp\/v2\/posts\/60054","targetHints":{"allow":["GET"]}}],"collection":[{"href":"https:\/\/conurbanodiario.com.ar\/index.php?rest_route=\/wp\/v2\/posts"}],"about":[{"href":"https:\/\/conurbanodiario.com.ar\/index.php?rest_route=\/wp\/v2\/types\/post"}],"author":[{"embeddable":true,"href":"https:\/\/conurbanodiario.com.ar\/index.php?rest_route=\/wp\/v2\/users\/1"}],"replies":[{"embeddable":true,"href":"https:\/\/conurbanodiario.com.ar\/index.php?rest_route=%2Fwp%2Fv2%2Fcomments&post=60054"}],"version-history":[{"count":1,"href":"https:\/\/conurbanodiario.com.ar\/index.php?rest_route=\/wp\/v2\/posts\/60054\/revisions"}],"predecessor-version":[{"id":60056,"href":"https:\/\/conurbanodiario.com.ar\/index.php?rest_route=\/wp\/v2\/posts\/60054\/revisions\/60056"}],"wp:featuredmedia":[{"embeddable":true,"href":"https:\/\/conurbanodiario.com.ar\/index.php?rest_route=\/wp\/v2\/media\/59656"}],"wp:attachment":[{"href":"https:\/\/conurbanodiario.com.ar\/index.php?rest_route=%2Fwp%2Fv2%2Fmedia&parent=60054"}],"wp:term":[{"taxonomy":"category","embeddable":true,"href":"https:\/\/conurbanodiario.com.ar\/index.php?rest_route=%2Fwp%2Fv2%2Fcategories&post=60054"},{"taxonomy":"post_tag","embeddable":true,"href":"https:\/\/conurbanodiario.com.ar\/index.php?rest_route=%2Fwp%2Fv2%2Ftags&post=60054"}],"curies":[{"name":"wp","href":"https:\/\/api.w.org\/{rel}","templated":true}]}}