{"id":60045,"date":"2023-05-03T01:02:00","date_gmt":"2023-05-03T04:02:00","guid":{"rendered":"https:\/\/conurbanodiario.com.ar\/?p=60045"},"modified":"2023-05-12T20:26:00","modified_gmt":"2023-05-12T23:26:00","slug":"mayra-entrego-25-netbooks-del-programa-conectar-igualdad-bonaerense-e-inauguro-aulas-en-la-secundaria-no-67","status":"publish","type":"post","link":"https:\/\/conurbanodiario.com.ar\/?p=60045","title":{"rendered":"MAYRA ENTREG\u00d3 25 NETBOOKS DEL PROGRAMA CONECTAR IGUALDAD BONAERENSE E INAUGUR\u00d3 AULAS EN LA SECUNDARIA N\u00ba 67"},"content":{"rendered":"\n<p>La intendenta de Quilmes, Mayra Mendoza, hizo entrega de 25 netbooks para los estudiantes de 6\u00ba a\u00f1o de la Escuela Secundaria N\u00ba 67, ubicada en Carlos Pellegrini 1155, en Quilmes Oeste, en el marco del programa Conectar Igualdad Bonaerense. Adem\u00e1s, inaugur\u00f3 aulas y otras mejoras edilicias en el citado establecimiento educativo.<\/p>\n\n\n\n<p>\u201cInauguramos dos aulas nuevas y adem\u00e1s entregamos las netbooks del programa Conectar Igualdad Bonaerense a los alumnos de 6\u00b0 a\u00f1o porque todo tiene un significado ya que son los que terminan, egresan y esperemos que contin\u00faen estudiando en alguna universidad. Esa herramienta sirve para continuar con el estudio y quiz\u00e1 hasta con un trabajo. La idea es que con la continuidad del gobierno poder ir ampliando a los a\u00f1os anteriores, no solamente llegar a los sextos a\u00f1os, sino universalizar para todos los cursos de secundaria\u201d, expres\u00f3 la Jefa comunal.<\/p>\n\n\n\n<p>El programa Conectar Igualdad Bonaerense es una de las pol\u00edticas p\u00fablicas impulsada por el gobernador Axel Kicillof destinada a estudiantes de escuelas p\u00fablicas de los 135 municipios de la provincia de Buenos Aires. Tiene por objetivo achicar la brecha digital en todo el territorio provincial, conectando al Estado con las instituciones, docentes, estudiantes y familias, promoviendo la igualdad de oportunidades y conocimientos.<\/p>\n\n\n\n<p>En Quilmes, hasta el d\u00eda de hoy ya se han entregado netbooks en 27 escuelas, a 1.522 estudiantes, y est\u00e1 previsto continuar esta acci\u00f3n en m\u00e1s de 60 establecimientos del distrito.<\/p>\n\n\n\n<p>Al respecto, la alumna Helen Benegas cont\u00f3: \u201cEs una herramienta para que podamos seguir avanzando con nuestro estudio y aprendiendo un poco m\u00e1s. Me va a servir para todo\u201d. A su vez, Cristian Arce dijo: \u201cEs una emoci\u00f3n para todos. Significa mucho para nosotros. Tengo pensado estudiar el profesorado de Educaci\u00f3n F\u00edsica y se me hacer m\u00e1s f\u00e1cil con la computadora\u201d.<\/p>\n\n\n\n<p>En este marco y acerca de las obras en el colegio, el secretario de Educaci\u00f3n local, Joaqu\u00edn Desmery, explic\u00f3: \u201cInauguramos formalmente dos aulas nuevas, en un proceso que la escuela secundaria necesitaba, para separarse de la primaria, por ser un edificio compartido. Ahora va a tener mejores condiciones de estudio para los alumnos y alumnas. Hay una definici\u00f3n pol\u00edtica del gobernador Axel Kicillof y de la intendenta Mayra Mendoza de poder fortalecer estas obras que fueron demandadas por la comunidad educativa durante mucho tiempo\u201d.<\/p>\n\n\n\n<p>Por su parte, la directora de la Escuela Secundaria N\u00ba 67, Melina Varela se\u00f1al\u00f3: \u201cSon obras que ven\u00edamos esperando hace much\u00edsimos a\u00f1os y son muy significativas, porque es una lucha para que los chicos se queden en nuestra escuela. Nos pone contentos que nos haya tocado a nosotros, que se haya invertido y que se haya puesto en valor un mont\u00f3n de cuestiones de la escuela\u201d.<\/p>\n\n\n\n<p>De esta manera, en la jornada y como parte del programa provincial Escuelas a la Obra, quedaron inauguradas las dos aulas nuevas, la cocina para los auxiliares, la refacci\u00f3n de los ba\u00f1os y el nuevo espacio para la sala de profesores.<\/p>\n\n\n\n<p>Las obras de infraestructura escolar continuar\u00e1n en la Primaria N\u00ba 83, ubicada justo al lado de la Secundaria N\u00ba 67, donde se realizar\u00e1 la impermeabilizaci\u00f3n de cubiertas, adem\u00e1s de trabajos de pintura y electricidad.<\/p>\n\n\n\n<p>Tambi\u00e9n participaron de la actividad la subsecretaria de Educaci\u00f3n local, Nancy Brites; el director de Gesti\u00f3n Educativa,&nbsp;Leonardo&nbsp;Casazza;&nbsp;el jefe regional de Inspecci\u00f3n,&nbsp;Pablo&nbsp;Vinuesa,&nbsp;y la jefa distrital de Educaci\u00f3n, Florencia Elvino, entre otros.&nbsp;<\/p>\n","protected":false},"excerpt":{"rendered":"<p>La intendenta de Quilmes, Mayra Mendoza, hizo entrega de 25 netbooks para los estudiantes de&#8230;<\/p>\n","protected":false},"author":1,"featured_media":59656,"comment_status":"closed","ping_status":"closed","sticky":false,"template":"","format":"standard","meta":{"footnotes":""},"categories":[1,27],"tags":[],"class_list":["post-60045","post","type-post","status-publish","format-standard","has-post-thumbnail","hentry","category-noticia-del-dia","category-educacion"],"_links":{"self":[{"href":"https:\/\/conurbanodiario.com.ar\/index.php?rest_route=\/wp\/v2\/posts\/60045","targetHints":{"allow":["GET"]}}],"collection":[{"href":"https:\/\/conurbanodiario.com.ar\/index.php?rest_route=\/wp\/v2\/posts"}],"about":[{"href":"https:\/\/conurbanodiario.com.ar\/index.php?rest_route=\/wp\/v2\/types\/post"}],"author":[{"embeddable":true,"href":"https:\/\/conurbanodiario.com.ar\/index.php?rest_route=\/wp\/v2\/users\/1"}],"replies":[{"embeddable":true,"href":"https:\/\/conurbanodiario.com.ar\/index.php?rest_route=%2Fwp%2Fv2%2Fcomments&post=60045"}],"version-history":[{"count":1,"href":"https:\/\/conurbanodiario.com.ar\/index.php?rest_route=\/wp\/v2\/posts\/60045\/revisions"}],"predecessor-version":[{"id":60047,"href":"https:\/\/conurbanodiario.com.ar\/index.php?rest_route=\/wp\/v2\/posts\/60045\/revisions\/60047"}],"wp:featuredmedia":[{"embeddable":true,"href":"https:\/\/conurbanodiario.com.ar\/index.php?rest_route=\/wp\/v2\/media\/59656"}],"wp:attachment":[{"href":"https:\/\/conurbanodiario.com.ar\/index.php?rest_route=%2Fwp%2Fv2%2Fmedia&parent=60045"}],"wp:term":[{"taxonomy":"category","embeddable":true,"href":"https:\/\/conurbanodiario.com.ar\/index.php?rest_route=%2Fwp%2Fv2%2Fcategories&post=60045"},{"taxonomy":"post_tag","embeddable":true,"href":"https:\/\/conurbanodiario.com.ar\/index.php?rest_route=%2Fwp%2Fv2%2Ftags&post=60045"}],"curies":[{"name":"wp","href":"https:\/\/api.w.org\/{rel}","templated":true}]}}