{"id":60038,"date":"2023-05-03T01:03:00","date_gmt":"2023-05-03T04:03:00","guid":{"rendered":"https:\/\/conurbanodiario.com.ar\/?p=60038"},"modified":"2023-05-12T20:26:00","modified_gmt":"2023-05-12T23:26:00","slug":"andres-watson-y-axel-kicillof-entregaron-viviendas-a-familias-varelenses-en-las-margaritas","status":"publish","type":"post","link":"https:\/\/conurbanodiario.com.ar\/?p=60038","title":{"rendered":"ANDR\u00c9S WATSON Y AXEL KICILLOF ENTREGARON VIVIENDAS A FAMILIAS VARELENSES EN LAS MARGARITAS"},"content":{"rendered":"\n<p>El mandatario comunal -Andr\u00e9s Watson- junto al gobernador de la provincia de Buenos Aires -Axel Kicillof- otorg\u00f3 los \u00faltimos 62 hogares construidos en un sector del barrio ubicado en la localidad de Bosques a vecinos y vecinas del distrito, donde tambi\u00e9n corrobor\u00f3 el avance de la pavimentaci\u00f3n en unas 88 cuadras para potenciar la circulaci\u00f3n en la zona.<\/p>\n\n\n\n<p>\u201cUn sue\u00f1o cumplido para las y los nuevos propietarios\u201d, subray\u00f3 el Alcalde quien explic\u00f3 la pol\u00edtica habitacional \u201cen una estrategia no solo para el presente sino para el futuro con la recuperaci\u00f3n del empleo a trav\u00e9s de m\u00e1s inversiones, m\u00e1s infraestructura tanto en la trama vial como en establecimientos pedag\u00f3gicos\u201d.<\/p>\n\n\n\n<p>El Intendente calific\u00f3 como \u201cfundamental la uni\u00f3n para trascender las diferencias, cumplir con los objetivos para la grandeza de nuestra Patria y la felicidad del pueblo\u201d. Para cerrar, reiter\u00f3 \u201cla articulaci\u00f3n entre el estamento nacional y provincial a fin de ejecutar las diferentes iniciativas, indispensable para el progreso\u201d.<\/p>\n\n\n\n<p>Kicillof rememor\u00f3 los m\u00faltiples motivos por los que estuvo en Florencio Varela y tom\u00f3 como ejemplo las obras viales, inauguraci\u00f3n de jardines de infantes y escuelas, la expansi\u00f3n del predio fabril de Ingeniero Allan. Describi\u00f3 como \u201cdif\u00edcil transmitir una historia sin una representaci\u00f3n o una imagen tan firme como estos casos\u201d.<\/p>\n\n\n\n<p>Durante la administraci\u00f3n anterior a nivel bonaerense y federal, narr\u00f3: \u201cHab\u00eda cinco empresas que quer\u00edan irse porque no hab\u00eda oportunidades\u201d. Para contrarrestar, se\u00f1al\u00f3 la radicaci\u00f3n de 31 firmas y otras 54 en lo venidero. \u201cAcompa\u00f1aron a las palabras las realidades que transformamos\u201d, sentenci\u00f3 no solo sobre la industria sino la entrega de inmuebles con la pavimentaci\u00f3n de las calles del lugar.<\/p>\n\n\n\n<p>El ministro de Desarrollo Territorial y H\u00e1bitat de la Naci\u00f3n, Santiago Maggiotti, habl\u00f3 de \u201ccumplir con la palabra empe\u00f1ada\u201d donde \u201cigualar derechos y posibilidades para todos los argentinos\u201d. \u201cUna demostraci\u00f3n que los recursos del Estado fueron aplicados en asfaltos, luminarias, educaci\u00f3n, salud\u201d, indic\u00f3.<\/p>\n\n\n\n<p>El titular de H\u00e1bitat y Desarrollo Urbano de la Provincia -Agust\u00edn Simone- contempl\u00f3 no solo culminar con el proyecto de 742 viviendas sino \u201chacerlas como corresponde, con el esfuerzo en cada una al saber que iban a residir ustedes\u201d. Destac\u00f3 a las diversas partes involucradas en las edificaciones \u201cpara efectuarlas en conjunto, un equipo de trabajo que lo permiti\u00f3\u201d.<\/p>\n\n\n\n<p>En las manzanas N\u00b0 27, 28, 29 y 30 la Federaci\u00f3n de Cooperativas de Trabajo Unidas de Florencio Varela (FeCooTraUN) realiz\u00f3 d\u00faplex y unidades de planta baja con financiamiento tanto nacional como provincial.&nbsp;<\/p>\n\n\n\n<p>Estuvo presente la vicegobernadora, Ver\u00f3nica Magario, el responsable de Confederaci\u00f3n Nacional de Cooperativas de Trabajo y FeCooTraUN -Christian Mi\u00f1o- junto a funcionarios en el gabinete provincial, federal y municipal; representantes del \u00e1mbito judicial, educativo y cooperativista del partido.<\/p>\n\n\n\n<p><em>Una casa, una historia<\/em><\/p>\n\n\n\n<p>\u201cLo esper\u00e1bamos desde hac\u00eda un mes cuando nos avisaron\u201d, afirm\u00f3 D\u00e9bora quien inici\u00f3 una nueva etapa junto a sus hijas. \u201cAntes viv\u00eda en lo de mi suegra en Santa Sof\u00eda\u201d, record\u00f3 con dolor el motivo. \u201cEst\u00e1bamos en La Carolina. Con un incendio, perd\u00ed mi casa y a mi pareja\u201d, evoc\u00f3 afligida.<\/p>\n\n\n\n<p>A pesar de ese suceso, sinti\u00f3 \u201cun incentivo: empezar de cero con esta gran oportunidad\u201d. \u201cMe cost\u00f3 mucho no bajar los brazos, pero esto fue un regalo\u201d, a\u00f1adi\u00f3 al contemplar su hogar donde, con su familia, debatieron la funcionalidad de los espacios.<\/p>\n\n\n\n<p>En el caso de Sabrina, la alegr\u00eda fue doble. Embarazada, cont\u00f3: \u201cAhora la vivienda, ma\u00f1ana la llegada de Roma\u201d. \u201cMuy importante que el Estado nos haya garantizado el techo. Incre\u00edble\u201d, manifest\u00f3. Su suegra -Beatriz- coincidi\u00f3 sobre este \u00faltimo aspecto y anhel\u00f3 \u201cla concientizaci\u00f3n de la gente al tener un gobierno con el cual crecer como ciudadan\u00eda\u201d.<\/p>\n\n\n\n<p>Las y los propietarios recibieron elementos para armar su huerta domiciliaria m\u00e1s \u00e1rboles nativos junto a bibliotecas con distintos libros tanto para infancias como adultos a trav\u00e9s de los distintos organismos gubernamentales.&nbsp;<\/p>\n\n\n\n<p><em>Plan de pavimentaci\u00f3n<\/em><\/p>\n\n\n\n<p>Las autoridades corroboraron avances en la constituci\u00f3n de asfaltos como la red hidr\u00e1ulica complementaria e iluminaci\u00f3n LED a partir de un acuerdo formalizado tanto por el Intendente como el Gobernador para 88 cuadras de Las Margaritas.<\/p>\n\n\n\n<p>Residente desde hac\u00eda 7 a\u00f1os, Patricia expres\u00f3: \u201cContenta en una mejora al tr\u00e1nsito de veh\u00edculos, sobre todo de ambulancias o remises para personas que requirieron atenci\u00f3n m\u00e9dica. Antes, en los d\u00edas de lluvia, no llegaban a las casas m\u00e1s alejadas\u201d.<\/p>\n\n\n\n<p>En sinton\u00eda con su vecina, Marta record\u00f3 \u201cel barro despu\u00e9s de fuertes precipitaciones. Sin embargo, ahora comenzamos a observar un hermoso cambio, donde ya imaginamos el crecimiento de la actividad comercial\u201d.<\/p>\n\n\n\n<p>Asimismo, Martina valor\u00f3 \u201cla instalaci\u00f3n de nuevos artefactos lum\u00ednicos para fortalecer la seguridad. M\u00e1s por la oscuridad en la \u00e9poca de oto\u00f1o e invierno\u201d.<\/p>\n","protected":false},"excerpt":{"rendered":"<p>El mandatario comunal -Andr\u00e9s Watson- junto al gobernador de la provincia de Buenos Aires -Axel&#8230;<\/p>\n","protected":false},"author":1,"featured_media":59656,"comment_status":"closed","ping_status":"closed","sticky":false,"template":"","format":"standard","meta":{"footnotes":""},"categories":[1,3],"tags":[],"class_list":["post-60038","post","type-post","status-publish","format-standard","has-post-thumbnail","hentry","category-noticia-del-dia","category-informacion-general"],"_links":{"self":[{"href":"https:\/\/conurbanodiario.com.ar\/index.php?rest_route=\/wp\/v2\/posts\/60038","targetHints":{"allow":["GET"]}}],"collection":[{"href":"https:\/\/conurbanodiario.com.ar\/index.php?rest_route=\/wp\/v2\/posts"}],"about":[{"href":"https:\/\/conurbanodiario.com.ar\/index.php?rest_route=\/wp\/v2\/types\/post"}],"author":[{"embeddable":true,"href":"https:\/\/conurbanodiario.com.ar\/index.php?rest_route=\/wp\/v2\/users\/1"}],"replies":[{"embeddable":true,"href":"https:\/\/conurbanodiario.com.ar\/index.php?rest_route=%2Fwp%2Fv2%2Fcomments&post=60038"}],"version-history":[{"count":1,"href":"https:\/\/conurbanodiario.com.ar\/index.php?rest_route=\/wp\/v2\/posts\/60038\/revisions"}],"predecessor-version":[{"id":60040,"href":"https:\/\/conurbanodiario.com.ar\/index.php?rest_route=\/wp\/v2\/posts\/60038\/revisions\/60040"}],"wp:featuredmedia":[{"embeddable":true,"href":"https:\/\/conurbanodiario.com.ar\/index.php?rest_route=\/wp\/v2\/media\/59656"}],"wp:attachment":[{"href":"https:\/\/conurbanodiario.com.ar\/index.php?rest_route=%2Fwp%2Fv2%2Fmedia&parent=60038"}],"wp:term":[{"taxonomy":"category","embeddable":true,"href":"https:\/\/conurbanodiario.com.ar\/index.php?rest_route=%2Fwp%2Fv2%2Fcategories&post=60038"},{"taxonomy":"post_tag","embeddable":true,"href":"https:\/\/conurbanodiario.com.ar\/index.php?rest_route=%2Fwp%2Fv2%2Ftags&post=60038"}],"curies":[{"name":"wp","href":"https:\/\/api.w.org\/{rel}","templated":true}]}}