{"id":60031,"date":"2023-05-03T01:05:00","date_gmt":"2023-05-03T04:05:00","guid":{"rendered":"https:\/\/conurbanodiario.com.ar\/?p=60031"},"modified":"2023-05-12T20:26:00","modified_gmt":"2023-05-12T23:26:00","slug":"javier-rodriguez-no-podemos-pensar-la-produccion-sin-innovacion-cientifica","status":"publish","type":"post","link":"https:\/\/conurbanodiario.com.ar\/?p=60031","title":{"rendered":"JAVIER RODR\u00cdGUEZ: &#8220;NO PODEMOS PENSAR LA PRODUCCI\u00d3N SIN INNOVACI\u00d3N CIENT\u00cdFICA&#8221;"},"content":{"rendered":"\n<p>Con una gran convocatoria y asistencia por parte de la comunidad, el Ministerio de Desarrollo Agrario dio por finalizada la \u201cSemana A Tranqueras Abiertas\u201d, en la que las 16 Chacras Experimentales del MDA dieron a conocer los avances y resultados de sus ensayos y l\u00edneas de investigaci\u00f3n en materia de innovaci\u00f3n productiva.<\/p>\n\n\n\n<p>\u00abSi algo qued\u00f3 demostrado esta semana es que la mejora de la producci\u00f3n agropecuaria y agroalimentaria no puede pensarse escindida de la innovaci\u00f3n cient\u00edfico-tecnol\u00f3gica.Y hay que se\u00f1alar que cuando uno habla de innovaci\u00f3n se refiere al uso y desarrollo de nuevas tecnolog\u00edas, pero tambi\u00e9n a recuperar determinadas pr\u00e1cticas productivas y adaptarlas a las condiciones y necesidades actuales, como pueden ser por ejemplo algunas pr\u00e1cticas agroecol\u00f3gicas. Todo eso se hace en las Chacras Experimentales de la provincia de Buenos Aires\u00bb, destac\u00f3 el ministro de Desarrollo Agrario, Javier Rodr\u00edguez.<\/p>\n\n\n\n<p>\u00abArrancamos la gesti\u00f3n con 13 Chacras Experimentales, hoy tenemos 16. Ese es el resultado de una decisi\u00f3n y una convicci\u00f3n pol\u00edtica de invertir desde el Estado provincial en el desarrollo de ensayos, investigaciones e innovaci\u00f3n, porque esa inversi\u00f3n se termina multiplicando cuando sus resultados llegan a las productoras y los productores bonaerenses, aportando soluciones concretas a los problemas y desaf\u00edos con los que se encuentran en su labor cotidiana\u00bb, a\u00f1adi\u00f3.<\/p>\n\n\n\n<p>Durante la \u201cSemana a Tranqueras Abiertas\u201d los asistentes pudieron recorrer y conocer los ensayos e investigaciones que se llevan adelante en las Chacras Experimentales de Carhu\u00e9 (Adolfo Alsina), El Pato (Berazategui), Patagones, Miramar (General Alvarado), Coronel Su\u00e1rez, Mercedes, Rauch, Barrow (Tres Arroyos), Blanca Grande (Olavarr\u00eda), Rojas, Bellocq (Carlos Casares), Gorina (La Plata), Chascom\u00fas, Napost\u00e1 (Bah\u00eda Blanca), el apiario Pedro J. Bover (General Belgrano) y el Campo Piloto CORFO (Villarino).<\/p>\n\n\n\n<p>En cada uno de estos espacios, tuvieron la oportunidad de ver los avances y resultados de las diversas l\u00edneas de investigaci\u00f3n en materia de producci\u00f3n bovina, ovina, porcina, agr\u00edcola, frut\u00edcola, forestal, ap\u00edcola y hort\u00edcola, adaptadas a las caracter\u00edsticas y necesidades de cada regi\u00f3n; mejoramiento gen\u00e9tico animal, vegetal, de cereales y semillas; el desarrollo y uso de bioinsumos; pr\u00e1cticas agroecol\u00f3gicas y modos de producci\u00f3n sustentable; entre otras. Hubo visitas guiadas por los diferentes m\u00f3dulos productivos de cada una de las Chacras, como tambi\u00e9n as\u00ed por el Laboratorio de Multiplicaci\u00f3n Vegetal (Biofabrica) de Mercedes, la Sala de Elaboraci\u00f3n de Alimentos y la Sala de Procesamiento de Semillas de la Chacra Experimental de Gorina, el laboratorio de mejoramiento gen\u00e9tico ap\u00edcola del apiario Bover, y las Estaciones Meteorol\u00f3gicas Autom\u00e1ticas destinadas a la medici\u00f3n de variables de inter\u00e9s para la producci\u00f3n, entre otras actividades.<\/p>\n\n\n\n<p>De las jornadas participaron productoras y productores, estudiantes universitarios, profesionales, t\u00e9cnicos y p\u00fablico en general de la provincia de Buenos Aires. Adem\u00e1s, estudiantes de escuelas secundarias bonaerenses realizaron visitas guiadas por las Chacras.<\/p>\n\n\n\n<p>Durante la semana, el ministro Javier Rodr\u00edguez visit\u00f3 la Chacra Experimental de Coronel Su\u00e1rez, donde existen m\u00f3dulos ganaderos destinados a la cr\u00eda de bovinos y toros de campo; campos de cultivo de avena-vicia en pastoreo con recr\u00eda; ensayos destinados a aumentar la producci\u00f3n de carne; y m\u00f3dulos agroecol\u00f3gicos, entre otras l\u00edneas de investigaci\u00f3n.<\/p>\n\n\n\n<p>Tambi\u00e9n estuvo presente en la Chacra Experimental Blanca Grande, ubicada en el partido de Olavarr\u00eda, donde se desarrollan trabajos de investigaci\u00f3n e innovaci\u00f3n cient\u00edfico-tecnol\u00f3gica y ensayos vinculados a la ganader\u00eda regenerativa y la cr\u00eda bovina; cultivares de sorgo; y el mejoramiento gen\u00e9tico aplicado a la producci\u00f3n ap\u00edcola.<\/p>\n\n\n\n<p>Adem\u00e1s, recorri\u00f3 la Chacra Experimental Carhu\u00e9. All\u00ed se llevan adelante trabajos de investigaci\u00f3n relacionados con la producci\u00f3n frut\u00edcola y su impacto en la econom\u00eda regional, la variabilidad gen\u00e9tica en la producci\u00f3n ap\u00edcola, el funcionamiento de viveros y estaqueros en el marco de la producci\u00f3n forestal, el control mec\u00e1nico de malezas, y el manejo ganadero con la digitalizaci\u00f3n del rodeo y el uso de la caravana electr\u00f3nica.<\/p>\n","protected":false},"excerpt":{"rendered":"<p>Con una gran convocatoria y asistencia por parte de la comunidad, el Ministerio de Desarrollo&#8230;<\/p>\n","protected":false},"author":1,"featured_media":59656,"comment_status":"closed","ping_status":"closed","sticky":false,"template":"","format":"standard","meta":{"footnotes":""},"categories":[28],"tags":[],"class_list":["post-60031","post","type-post","status-publish","format-standard","has-post-thumbnail","hentry","category-la-provincia"],"_links":{"self":[{"href":"https:\/\/conurbanodiario.com.ar\/index.php?rest_route=\/wp\/v2\/posts\/60031","targetHints":{"allow":["GET"]}}],"collection":[{"href":"https:\/\/conurbanodiario.com.ar\/index.php?rest_route=\/wp\/v2\/posts"}],"about":[{"href":"https:\/\/conurbanodiario.com.ar\/index.php?rest_route=\/wp\/v2\/types\/post"}],"author":[{"embeddable":true,"href":"https:\/\/conurbanodiario.com.ar\/index.php?rest_route=\/wp\/v2\/users\/1"}],"replies":[{"embeddable":true,"href":"https:\/\/conurbanodiario.com.ar\/index.php?rest_route=%2Fwp%2Fv2%2Fcomments&post=60031"}],"version-history":[{"count":2,"href":"https:\/\/conurbanodiario.com.ar\/index.php?rest_route=\/wp\/v2\/posts\/60031\/revisions"}],"predecessor-version":[{"id":60034,"href":"https:\/\/conurbanodiario.com.ar\/index.php?rest_route=\/wp\/v2\/posts\/60031\/revisions\/60034"}],"wp:featuredmedia":[{"embeddable":true,"href":"https:\/\/conurbanodiario.com.ar\/index.php?rest_route=\/wp\/v2\/media\/59656"}],"wp:attachment":[{"href":"https:\/\/conurbanodiario.com.ar\/index.php?rest_route=%2Fwp%2Fv2%2Fmedia&parent=60031"}],"wp:term":[{"taxonomy":"category","embeddable":true,"href":"https:\/\/conurbanodiario.com.ar\/index.php?rest_route=%2Fwp%2Fv2%2Fcategories&post=60031"},{"taxonomy":"post_tag","embeddable":true,"href":"https:\/\/conurbanodiario.com.ar\/index.php?rest_route=%2Fwp%2Fv2%2Ftags&post=60031"}],"curies":[{"name":"wp","href":"https:\/\/api.w.org\/{rel}","templated":true}]}}