{"id":60025,"date":"2023-05-29T01:05:00","date_gmt":"2023-05-29T04:05:00","guid":{"rendered":"https:\/\/conurbanodiario.com.ar\/?p=60025"},"modified":"2023-06-01T04:38:28","modified_gmt":"2023-06-01T07:38:28","slug":"los-pumitas-debutan-en-el-mundial-de-sudafrica-frente-a-italia","status":"publish","type":"post","link":"https:\/\/conurbanodiario.com.ar\/?p=60025","title":{"rendered":"LOS PUMITAS DEBUTAN EN EL MUNDIAL DE SUD\u00c1FRICA FRENTE A ITALIA"},"content":{"rendered":"\n<p>El seleccionado de rugby menores de 20 a\u00f1os, Los Pumitas, debutar\u00e1 el s\u00e1bado 24 de junio frente a su par de Italia, en su primera presentaci\u00f3n en el Mundial de la especialidad que se llevar\u00e1 a cabo en Ciudad del Cabo, Sud\u00e1frica.<\/p>\n\n\n\n<p>El Mundial de Sud\u00e1frica se disputar\u00e1 entre el 24 de junio y el 14 de julio y estar\u00e1 divido en tres zonas de cuatro seleccionados cada uno.<\/p>\n\n\n\n<p>La zona A la integrar\u00e1n Francia, Gales, Nueva Zelanda y Jap\u00f3n, la zona B la conforman Australia, Inglaterra, Fiji e Irlanda y la zona C Sud\u00e1frica, Argentina, Italia y Georgia.<\/p>\n\n\n\n<p>El debut de Los Pumitas ser\u00e1 el pr\u00f3ximo s\u00e1bado 24 de junio frente a Italia, encuentro que se disputar\u00e1 a las 6 (hora argentina) en el Paarl Gymnasium, en la ciudad de Paarl.<\/p>\n\n\n\n<p>Cinco d\u00edas m\u00e1s tarde, se medir\u00e1n frente a Georgia desde las 11.30 en el Danie Craven Stadiumn de Stellenbosch, y finalizar\u00e1n su participaci\u00f3n en la etapa clasificatoria el martes 4 de julio frente a Sud\u00e1frica, desde las 14 en Boland Stadium, en Wellington, Western Cape,<\/p>\n\n\n\n<p>Las semifinales del Mundial M20 de Sud\u00e1frica est\u00e1n programadas el pr\u00f3ximo 9 de julio y la final se llevar\u00e1 a cabo el viernes 14 de julio,<\/p>\n\n\n\n<p>La competencia regresa tras el receso de tres a\u00f1os a ra\u00edz de la pandemia Covid-19, las ediciones 2018 y 2019 fueron obtenidas por Francia, que debutar\u00e1 el s\u00e1bado 24 de junio frente al seleccionado de Jap\u00f3n..<\/p>\n\n\n\n<p>El conjunto argentino, conducido por \u00c1lvaro Galindo, realiz\u00f3 el mes pasado una mini gira por los Estados Unidos, en la que venci\u00f3 en dos oportunidades al combinado Haws por (38-12 y 26-0), ambos partidos disputados en la ciudad de Charlotte, North Carolina. <\/p>\n","protected":false},"excerpt":{"rendered":"<p>El seleccionado de rugby menores de 20 a\u00f1os, Los Pumitas, debutar\u00e1 el s\u00e1bado 24 de&#8230;<\/p>\n","protected":false},"author":1,"featured_media":59656,"comment_status":"closed","ping_status":"closed","sticky":false,"template":"","format":"standard","meta":{"footnotes":""},"categories":[32],"tags":[],"class_list":["post-60025","post","type-post","status-publish","format-standard","has-post-thumbnail","hentry","category-deportes"],"_links":{"self":[{"href":"https:\/\/conurbanodiario.com.ar\/index.php?rest_route=\/wp\/v2\/posts\/60025","targetHints":{"allow":["GET"]}}],"collection":[{"href":"https:\/\/conurbanodiario.com.ar\/index.php?rest_route=\/wp\/v2\/posts"}],"about":[{"href":"https:\/\/conurbanodiario.com.ar\/index.php?rest_route=\/wp\/v2\/types\/post"}],"author":[{"embeddable":true,"href":"https:\/\/conurbanodiario.com.ar\/index.php?rest_route=\/wp\/v2\/users\/1"}],"replies":[{"embeddable":true,"href":"https:\/\/conurbanodiario.com.ar\/index.php?rest_route=%2Fwp%2Fv2%2Fcomments&post=60025"}],"version-history":[{"count":1,"href":"https:\/\/conurbanodiario.com.ar\/index.php?rest_route=\/wp\/v2\/posts\/60025\/revisions"}],"predecessor-version":[{"id":60027,"href":"https:\/\/conurbanodiario.com.ar\/index.php?rest_route=\/wp\/v2\/posts\/60025\/revisions\/60027"}],"wp:featuredmedia":[{"embeddable":true,"href":"https:\/\/conurbanodiario.com.ar\/index.php?rest_route=\/wp\/v2\/media\/59656"}],"wp:attachment":[{"href":"https:\/\/conurbanodiario.com.ar\/index.php?rest_route=%2Fwp%2Fv2%2Fmedia&parent=60025"}],"wp:term":[{"taxonomy":"category","embeddable":true,"href":"https:\/\/conurbanodiario.com.ar\/index.php?rest_route=%2Fwp%2Fv2%2Fcategories&post=60025"},{"taxonomy":"post_tag","embeddable":true,"href":"https:\/\/conurbanodiario.com.ar\/index.php?rest_route=%2Fwp%2Fv2%2Ftags&post=60025"}],"curies":[{"name":"wp","href":"https:\/\/api.w.org\/{rel}","templated":true}]}}