{"id":60003,"date":"2023-05-03T01:08:00","date_gmt":"2023-05-03T04:08:00","guid":{"rendered":"https:\/\/conurbanodiario.com.ar\/?p=60003"},"modified":"2023-05-12T20:26:00","modified_gmt":"2023-05-12T23:26:00","slug":"la-junta-electoral-bonaerense-oficializo-el-cronograma-electoral-para-las-paso","status":"publish","type":"post","link":"https:\/\/conurbanodiario.com.ar\/?p=60003","title":{"rendered":"LA JUNTA ELECTORAL BONAERENSE OFICIALIZ\u00d3 EL CRONOGRAMA ELECTORAL PARA LAS PASO"},"content":{"rendered":"\n<p>La Junta Electoral bonaerense oficializ\u00f3 el cronograma para las elecciones primarias abiertas, obligatorias y simult\u00e1neas (PASO) que se llevar\u00e1n a cabo en toda la provincia el pr\u00f3ximo 13 de agosto y cuya campa\u00f1a comenzar\u00e1 el 14 de julio.<\/p>\n\n\n\n<p>As\u00ed lo hizo a trav\u00e9s de una disposici\u00f3n publicada en el Bolet\u00edn Oficial del distrito, en la que se record\u00f3 que \u00abel art\u00edculo 1 Decreto 567 convoca a elecciones primarias abiertas, obligatorias y simult\u00e1neas para la elecci\u00f3n de los candidatos a gobernador\/a y vicegobernador\/a, senadores\/as y diputados\/as provinciales, intendentes\/as municipales, concejales\/as y consejeros\/as escolares para el d\u00eda 13 de agosto del corriente a\u00f1o\u00bb.<\/p>\n\n\n\n<p>\u00abEl art\u00edculo 3 del mismo cuerpo legal establece la simultaneidad de las elecciones primarias provinciales con las elecciones primarias para la selecci\u00f3n de candidatos\/as a presidente\/a y vicepresidente\/a de la Naci\u00f3n, senadores\/as y diputados\/as nacionales, aplicando la normativa nacional en lo referente a cuestiones enunciadas en el citado art\u00edculo (conf. Ley 15.262)\u00bb, se apunt\u00f3.<\/p>\n\n\n\n<p>De acuerdo al cronograma, el 5 de mayo es el \u00faltimo plazo para la entrega de fichas de afiliaci\u00f3n y listados de afiliados; y el 4 de junio termina la posibilidad del reconocimiento de agrupaciones y partidos pol\u00edticos.<\/p>\n\n\n\n<p>En tanto, el 14 de junio deben anotarse las alianzas; el 19 la junta electoral de cada partido; y el 24 tienen que presentarse las listas. Dentro de los 5 d\u00edas de la presentaci\u00f3n, se debe proceder a la oficializaci\u00f3n o realizar observaciones.<\/p>\n\n\n\n<p>El 1 de julio vence el plazo para la presentaci\u00f3n ante la Junta Electoral bonaerense de listas ya oficializadas, que deber\u00e1n ser acompa\u00f1adas por las adhesiones; el 5 de julio es la \u00faltima posibilidad para presentar las n\u00f3minas no presentadas el 1\/7 y que hayan sido comunicadas oportunamente.<\/p>\n\n\n\n<p>Entre el 14 de julio y el 11 de agosto se desarrollar\u00e1 la campa\u00f1a electoral; el 24 de julio se designar\u00e1n los lugares de votaci\u00f3n y las autoridades de mesa; el 13 ser\u00e1n las elecciones PASO propiamente dichas y el 21 comenzar\u00e1 el escrutinio definitivo. Cuarenta y ocho horas despu\u00e9s de finalizado, se comunicar\u00e1 el resultado.<\/p>\n\n\n\n<p>La medida lleva la firma del presidente de la Junta, Sergio Gabriel Torres; de la vice, Ana Mar\u00eda Bourimborde; de los vocales Gustavo Juan De Santis, Gast\u00f3n Thea y Daniel Jorge Demar\u00eda Massey. <\/p>\n","protected":false},"excerpt":{"rendered":"<p>La Junta Electoral bonaerense oficializ\u00f3 el cronograma para las elecciones primarias abiertas, obligatorias y simult\u00e1neas&#8230;<\/p>\n","protected":false},"author":1,"featured_media":59656,"comment_status":"closed","ping_status":"closed","sticky":false,"template":"","format":"standard","meta":{"footnotes":""},"categories":[35],"tags":[],"class_list":["post-60003","post","type-post","status-publish","format-standard","has-post-thumbnail","hentry","category-politica"],"_links":{"self":[{"href":"https:\/\/conurbanodiario.com.ar\/index.php?rest_route=\/wp\/v2\/posts\/60003","targetHints":{"allow":["GET"]}}],"collection":[{"href":"https:\/\/conurbanodiario.com.ar\/index.php?rest_route=\/wp\/v2\/posts"}],"about":[{"href":"https:\/\/conurbanodiario.com.ar\/index.php?rest_route=\/wp\/v2\/types\/post"}],"author":[{"embeddable":true,"href":"https:\/\/conurbanodiario.com.ar\/index.php?rest_route=\/wp\/v2\/users\/1"}],"replies":[{"embeddable":true,"href":"https:\/\/conurbanodiario.com.ar\/index.php?rest_route=%2Fwp%2Fv2%2Fcomments&post=60003"}],"version-history":[{"count":1,"href":"https:\/\/conurbanodiario.com.ar\/index.php?rest_route=\/wp\/v2\/posts\/60003\/revisions"}],"predecessor-version":[{"id":60005,"href":"https:\/\/conurbanodiario.com.ar\/index.php?rest_route=\/wp\/v2\/posts\/60003\/revisions\/60005"}],"wp:featuredmedia":[{"embeddable":true,"href":"https:\/\/conurbanodiario.com.ar\/index.php?rest_route=\/wp\/v2\/media\/59656"}],"wp:attachment":[{"href":"https:\/\/conurbanodiario.com.ar\/index.php?rest_route=%2Fwp%2Fv2%2Fmedia&parent=60003"}],"wp:term":[{"taxonomy":"category","embeddable":true,"href":"https:\/\/conurbanodiario.com.ar\/index.php?rest_route=%2Fwp%2Fv2%2Fcategories&post=60003"},{"taxonomy":"post_tag","embeddable":true,"href":"https:\/\/conurbanodiario.com.ar\/index.php?rest_route=%2Fwp%2Fv2%2Ftags&post=60003"}],"curies":[{"name":"wp","href":"https:\/\/api.w.org\/{rel}","templated":true}]}}