{"id":59997,"date":"2023-05-03T01:00:00","date_gmt":"2023-05-03T04:00:00","guid":{"rendered":"https:\/\/conurbanodiario.com.ar\/?p=59997"},"modified":"2023-05-12T20:26:01","modified_gmt":"2023-05-12T23:26:01","slug":"platense-y-defensores-de-belgrano-juegan-este-miercoles-en-el-estadio-centenario-por-la-copa-argentina","status":"publish","type":"post","link":"https:\/\/conurbanodiario.com.ar\/?p=59997","title":{"rendered":"PLATENSE Y DEFENSORES DE BELGRANO JUEGAN ESTE MI\u00c9RCOLES EN EL ESTADIO CENTENARIO POR LA COPA ARGENTINA"},"content":{"rendered":"\n<p>Platense, equipo de la Liga Profesional, y Defensores de Belgrano, de la Primera Nacional, se cruzar\u00e1n este mi\u00e9rcoles por los 32avos de final de la Copa Argentina.<\/p>\n\n\n\n<p>El encuentro se jugar\u00e1 desde las 17.10 en el Estadio Centenario Ciudad de Quilmes, ser\u00e1 arbitrado por Pablo Gim\u00e9nez y televisado por la se\u00f1al TyC Sports y TyC Sport Play.<\/p>\n\n\n\n<p>El equipo \u00abCalamar\u00bb, dirigido por Martin Palermo, llega al duelo de este mi\u00e9rcoles tras caer como local ante Estudiantes de La Plata por 2 a 1 el \u00faltimo jueves. Se ubica en el puesto 15to de la tabla de posiciones de la LPF.<\/p>\n\n\n\n<p>Defensores de Belgrano, por su parte, empat\u00f3 el domingo 0-0 ante Almirante Brown como visitante por la 14ta fecha de la Zona A de la Primera Nacional, donde se ubica en el octavo lugar de su grupo.<\/p>\n\n\n\n<p>Probables formaciones:<\/p>\n\n\n\n<p>Platense: Ramiro Macagno; Nicol\u00e1s Morgantini, Ignacio V\u00e1zquez, Marco Pellegrino, Sasha Marich; Iv\u00e1n Rossi; Franco Baldassarra, Vicente Taborda, Nicol\u00e1s Castro; Nicol\u00e1s Servetto y Ronaldo Mart\u00ednez. DT: Mart\u00edn Palermo.<\/p>\n\n\n\n<p>Defensores de Belgrano: Ignacio Pietrobono; M\u00e1ximo Levi, Juan Ignacio Alvacete, Dardo Torres, Rodrigo Moreira; Mat\u00edas Ben\u00edtez, Ignacio Guti\u00e9rrez, Claudio Salto; Maximiliano Ceratto, Ezequiel Aguirre, Gabriel Benegas. DT: Leonardo Lemos.<\/p>\n\n\n\n<p>Cancha: Estadio Centenario de Quilmes<\/p>\n\n\n\n<p>\u00c1rbitro: Pablo Gim\u00e9nez<\/p>\n\n\n\n<p>Hora: 17.10<\/p>\n\n\n\n<p>TV: TyC Sports y TyC Sports Play.<\/p>\n","protected":false},"excerpt":{"rendered":"<p>Platense, equipo de la Liga Profesional, y Defensores de Belgrano, de la Primera Nacional, se&#8230;<\/p>\n","protected":false},"author":1,"featured_media":59656,"comment_status":"closed","ping_status":"closed","sticky":false,"template":"","format":"standard","meta":{"footnotes":""},"categories":[1,32],"tags":[],"class_list":["post-59997","post","type-post","status-publish","format-standard","has-post-thumbnail","hentry","category-noticia-del-dia","category-deportes"],"_links":{"self":[{"href":"https:\/\/conurbanodiario.com.ar\/index.php?rest_route=\/wp\/v2\/posts\/59997","targetHints":{"allow":["GET"]}}],"collection":[{"href":"https:\/\/conurbanodiario.com.ar\/index.php?rest_route=\/wp\/v2\/posts"}],"about":[{"href":"https:\/\/conurbanodiario.com.ar\/index.php?rest_route=\/wp\/v2\/types\/post"}],"author":[{"embeddable":true,"href":"https:\/\/conurbanodiario.com.ar\/index.php?rest_route=\/wp\/v2\/users\/1"}],"replies":[{"embeddable":true,"href":"https:\/\/conurbanodiario.com.ar\/index.php?rest_route=%2Fwp%2Fv2%2Fcomments&post=59997"}],"version-history":[{"count":1,"href":"https:\/\/conurbanodiario.com.ar\/index.php?rest_route=\/wp\/v2\/posts\/59997\/revisions"}],"predecessor-version":[{"id":59999,"href":"https:\/\/conurbanodiario.com.ar\/index.php?rest_route=\/wp\/v2\/posts\/59997\/revisions\/59999"}],"wp:featuredmedia":[{"embeddable":true,"href":"https:\/\/conurbanodiario.com.ar\/index.php?rest_route=\/wp\/v2\/media\/59656"}],"wp:attachment":[{"href":"https:\/\/conurbanodiario.com.ar\/index.php?rest_route=%2Fwp%2Fv2%2Fmedia&parent=59997"}],"wp:term":[{"taxonomy":"category","embeddable":true,"href":"https:\/\/conurbanodiario.com.ar\/index.php?rest_route=%2Fwp%2Fv2%2Fcategories&post=59997"},{"taxonomy":"post_tag","embeddable":true,"href":"https:\/\/conurbanodiario.com.ar\/index.php?rest_route=%2Fwp%2Fv2%2Ftags&post=59997"}],"curies":[{"name":"wp","href":"https:\/\/api.w.org\/{rel}","templated":true}]}}