{"id":59978,"date":"2023-05-03T01:07:00","date_gmt":"2023-05-03T04:07:00","guid":{"rendered":"https:\/\/conurbanodiario.com.ar\/?p=59978"},"modified":"2023-05-12T20:26:00","modified_gmt":"2023-05-12T23:26:00","slug":"varela-estudiantes-de-la-primaria-no2-conocieron-la-unidad-de-produccion-forestal-y-el-museo-guillermo-enrique-hudson","status":"publish","type":"post","link":"https:\/\/conurbanodiario.com.ar\/?p=59978","title":{"rendered":"VARELA: ESTUDIANTES DE LA PRIMARIA N\u00ba2 CONOCIERON LA UNIDAD DE PRODUCCI\u00d3N FORESTAL Y EL MUSEO &#8220;GUILLERMO ENRIQUE HUDSON&#8221;"},"content":{"rendered":"\n<p>Con el programa municipal \u201cConociendo nuestro distrito\u201d como contexto, alumnos y alumnas de 5\u00ba en el establecimiento de Zeballos descubrieron dos sitios tradicionales de la identidad varelense, formularon sus preguntas y abordaron diversos aspectos en una excursi\u00f3n de ense\u00f1anza.<\/p>\n\n\n\n<p>La profesora de pl\u00e1stica -Claudia Abbatangelo- fue la escolta del grupo en una salida \u201cmuy interesante\u201d donde revel\u00f3 que \u201cmuchos de los chicos ignoraban que exist\u00eda la Unidad de Producci\u00f3n Forestal\u201d.<\/p>\n\n\n\n<p>\u201cLes gust\u00f3, por ejemplo, la inscripci\u00f3n para recibir \u00e1rboles o hacer un proyecto de huerta dentro de la escuela junto a la explicaci\u00f3n de los ingenieros agr\u00f3nomos\u201d, se\u00f1al\u00f3 la mujer sobre una experiencia donde aprendieron, entre otras cuestiones, sobre diferentes ejemplares.&nbsp;<\/p>\n\n\n\n<p>Otra de las locaciones elegidas fue la extensa reserva natural donde vivi\u00f3 un emblema de la literatura. A pesar de tener muchos a\u00f1os de trabajo en el partido, Abbatangelo tampoco conoc\u00eda \u201cel predio tan grande, pens\u00e9 que era m\u00e1s chico. Muy bien cuidado\u201d.<\/p>\n\n\n\n<p>\u201cAdem\u00e1s, s\u00faper valiosa la charla que les dio el muchacho vinculado el museo. A ellos les pareci\u00f3 re lindo el tema de la casa donde \u00e9l naci\u00f3\u201d, expres\u00f3 quien como plus cont\u00f3 la coincidencia con una tarea asignada por la docente de Ingl\u00e9s sobre Hudson.<\/p>\n\n\n\n<p>De esta manera, concluyeron con una estrategia del Ejecutivo local que contempl\u00f3 dos etapas: un encuentro en el aula con proyecci\u00f3n de un video y generar un intercambio cognitivo; en segunda instancia, un paseo donde develar sucesos o lugares para sumar no solo al saber individual sino colectivo.<\/p>\n","protected":false},"excerpt":{"rendered":"<p>Con el programa municipal \u201cConociendo nuestro distrito\u201d como contexto, alumnos y alumnas de 5\u00ba en&#8230;<\/p>\n","protected":false},"author":1,"featured_media":59656,"comment_status":"closed","ping_status":"closed","sticky":false,"template":"","format":"standard","meta":{"footnotes":""},"categories":[27],"tags":[],"class_list":["post-59978","post","type-post","status-publish","format-standard","has-post-thumbnail","hentry","category-educacion"],"_links":{"self":[{"href":"https:\/\/conurbanodiario.com.ar\/index.php?rest_route=\/wp\/v2\/posts\/59978","targetHints":{"allow":["GET"]}}],"collection":[{"href":"https:\/\/conurbanodiario.com.ar\/index.php?rest_route=\/wp\/v2\/posts"}],"about":[{"href":"https:\/\/conurbanodiario.com.ar\/index.php?rest_route=\/wp\/v2\/types\/post"}],"author":[{"embeddable":true,"href":"https:\/\/conurbanodiario.com.ar\/index.php?rest_route=\/wp\/v2\/users\/1"}],"replies":[{"embeddable":true,"href":"https:\/\/conurbanodiario.com.ar\/index.php?rest_route=%2Fwp%2Fv2%2Fcomments&post=59978"}],"version-history":[{"count":2,"href":"https:\/\/conurbanodiario.com.ar\/index.php?rest_route=\/wp\/v2\/posts\/59978\/revisions"}],"predecessor-version":[{"id":60533,"href":"https:\/\/conurbanodiario.com.ar\/index.php?rest_route=\/wp\/v2\/posts\/59978\/revisions\/60533"}],"wp:featuredmedia":[{"embeddable":true,"href":"https:\/\/conurbanodiario.com.ar\/index.php?rest_route=\/wp\/v2\/media\/59656"}],"wp:attachment":[{"href":"https:\/\/conurbanodiario.com.ar\/index.php?rest_route=%2Fwp%2Fv2%2Fmedia&parent=59978"}],"wp:term":[{"taxonomy":"category","embeddable":true,"href":"https:\/\/conurbanodiario.com.ar\/index.php?rest_route=%2Fwp%2Fv2%2Fcategories&post=59978"},{"taxonomy":"post_tag","embeddable":true,"href":"https:\/\/conurbanodiario.com.ar\/index.php?rest_route=%2Fwp%2Fv2%2Ftags&post=59978"}],"curies":[{"name":"wp","href":"https:\/\/api.w.org\/{rel}","templated":true}]}}