{"id":59972,"date":"2023-05-03T01:05:00","date_gmt":"2023-05-03T04:05:00","guid":{"rendered":"https:\/\/conurbanodiario.com.ar\/?p=59972"},"modified":"2023-05-12T20:26:00","modified_gmt":"2023-05-12T23:26:00","slug":"jornadas-itinerantes-de-vacunacion-en-los-barrios-santo-tomas-y-presidente-peron","status":"publish","type":"post","link":"https:\/\/conurbanodiario.com.ar\/?p=59972","title":{"rendered":"JORNADAS ITINERANTES DE VACUNACI\u00d3N EN LOS BARRIOS SANTO TOM\u00c1S Y PRESIDENTE PER\u00d3N"},"content":{"rendered":"\n<p>La Comuna de Florencio Varela programa operativos de inmunizaci\u00f3n a la ciudadan\u00eda donde colocar\u00e1n dosis contra Covid-19, antigripales y las aplicaciones pertenecientes al Calendario Nacional.<\/p>\n\n\n\n<p>Mediante la cartera sanitaria municipal, seleccionan puntos estrat\u00e9gicos del partido donde instalar las postas para inocular a los vecinos y las vecinas. Confeccionan el siguiente cronograma:<\/p>\n\n\n\n<p>Mi\u00e9rcoles 3 de mayo, en las calles lindantes al Jard\u00edn N\u00ba913, en la intersecci\u00f3n de Trenque Lauquen con La Esmeralda.<\/p>\n\n\n\n<p>Jueves 4 de mayo, en el CIC \u201cSanto Tom\u00e1s\u201d, ubicado en la esquina de Caseros y Remedios de Escalada.<\/p>\n\n\n\n<p>En todos los casos, el horario ser\u00e1 desde las 10 hasta las 14 hs. Suspender\u00e1n la atenci\u00f3n ante condiciones clim\u00e1ticas desfavorables.<\/p>\n\n\n\n<p>Interesados e interesadas deber\u00e1n presentar su Documento Nacional de Identidad y\/o carnet de inoculaci\u00f3n para verificar la informaci\u00f3n de cada esquema en forma personalizada.<\/p>\n","protected":false},"excerpt":{"rendered":"<p>La Comuna de Florencio Varela programa operativos de inmunizaci\u00f3n a la ciudadan\u00eda donde colocar\u00e1n dosis&#8230;<\/p>\n","protected":false},"author":1,"featured_media":59656,"comment_status":"closed","ping_status":"closed","sticky":false,"template":"","format":"standard","meta":{"footnotes":""},"categories":[31],"tags":[],"class_list":["post-59972","post","type-post","status-publish","format-standard","has-post-thumbnail","hentry","category-salud"],"_links":{"self":[{"href":"https:\/\/conurbanodiario.com.ar\/index.php?rest_route=\/wp\/v2\/posts\/59972","targetHints":{"allow":["GET"]}}],"collection":[{"href":"https:\/\/conurbanodiario.com.ar\/index.php?rest_route=\/wp\/v2\/posts"}],"about":[{"href":"https:\/\/conurbanodiario.com.ar\/index.php?rest_route=\/wp\/v2\/types\/post"}],"author":[{"embeddable":true,"href":"https:\/\/conurbanodiario.com.ar\/index.php?rest_route=\/wp\/v2\/users\/1"}],"replies":[{"embeddable":true,"href":"https:\/\/conurbanodiario.com.ar\/index.php?rest_route=%2Fwp%2Fv2%2Fcomments&post=59972"}],"version-history":[{"count":1,"href":"https:\/\/conurbanodiario.com.ar\/index.php?rest_route=\/wp\/v2\/posts\/59972\/revisions"}],"predecessor-version":[{"id":59974,"href":"https:\/\/conurbanodiario.com.ar\/index.php?rest_route=\/wp\/v2\/posts\/59972\/revisions\/59974"}],"wp:featuredmedia":[{"embeddable":true,"href":"https:\/\/conurbanodiario.com.ar\/index.php?rest_route=\/wp\/v2\/media\/59656"}],"wp:attachment":[{"href":"https:\/\/conurbanodiario.com.ar\/index.php?rest_route=%2Fwp%2Fv2%2Fmedia&parent=59972"}],"wp:term":[{"taxonomy":"category","embeddable":true,"href":"https:\/\/conurbanodiario.com.ar\/index.php?rest_route=%2Fwp%2Fv2%2Fcategories&post=59972"},{"taxonomy":"post_tag","embeddable":true,"href":"https:\/\/conurbanodiario.com.ar\/index.php?rest_route=%2Fwp%2Fv2%2Ftags&post=59972"}],"curies":[{"name":"wp","href":"https:\/\/api.w.org\/{rel}","templated":true}]}}