{"id":59969,"date":"2023-05-02T05:08:15","date_gmt":"2023-05-02T08:08:15","guid":{"rendered":"https:\/\/conurbanodiario.com.ar\/?p=59969"},"modified":"2023-05-12T20:26:01","modified_gmt":"2023-05-12T23:26:01","slug":"en-florencio-varela-no-mas-traccion-a-sangre","status":"publish","type":"post","link":"https:\/\/conurbanodiario.com.ar\/?p=59969","title":{"rendered":"EN FLORENCIO VARELA, NO M\u00c1S TRACCI\u00d3N A SANGRE"},"content":{"rendered":"\n<p>El titular en el Ejecutivo local -Andr\u00e9s Watson- remiti\u00f3 un proyecto de ordenanza para la prohibici\u00f3n de la tracci\u00f3n a sangre que fue aprobado por unanimidad en el Honorable Concejo Deliberante.<\/p>\n\n\n\n<p>En marzo pasado, al iniciar las sesiones ordinarias del cuerpo legislativo, el Alcalde ratific\u00f3 tanto la elaboraci\u00f3n como el env\u00edo del documento para su tratamiento en el recinto. Afirm\u00f3 su determinaci\u00f3n a fin de avanzar de \u201cforma progresiva\u201d en el reemplazo de la pr\u00e1ctica de \u201cmanera segura y adecuada\u201d.<\/p>\n\n\n\n<p>El Jefe Comunal explicit\u00f3 el compromiso de toda la sociedad desde el amor y la responsabilidad en el cuidado de la fauna. Adem\u00e1s, a trav\u00e9s del pedido efectuado manifest\u00f3 tambi\u00e9n \u201cla necesidad de regular el tr\u00e1nsito en el distrito\u201d para garantizar condiciones de mayor seguridad en la circulaci\u00f3n vial.<\/p>\n\n\n\n<p>Remarc\u00f3 la posibilidad de motorizar \u201cuna pol\u00edtica de priorizaci\u00f3n del bienestar animal en el marco normativo de la Ley 14.346\u201d. Respecto a la implementaci\u00f3n, se\u00f1al\u00f3 una sustituci\u00f3n gradual por veh\u00edculos que representaran una alternativa laboral inclusiva, resguardada y sustentable.<\/p>\n\n\n\n<p>En este contexto, finalmente el Parlamento varelense sancion\u00f3 la mencionada ordenanza mediante la conformidad de la totalidad de los y las ediles presentes.<\/p>\n","protected":false},"excerpt":{"rendered":"<p>El titular en el Ejecutivo local -Andr\u00e9s Watson- remiti\u00f3 un proyecto de ordenanza para la&#8230;<\/p>\n","protected":false},"author":1,"featured_media":59656,"comment_status":"closed","ping_status":"closed","sticky":false,"template":"","format":"standard","meta":{"footnotes":""},"categories":[35],"tags":[],"class_list":["post-59969","post","type-post","status-publish","format-standard","has-post-thumbnail","hentry","category-politica"],"_links":{"self":[{"href":"https:\/\/conurbanodiario.com.ar\/index.php?rest_route=\/wp\/v2\/posts\/59969","targetHints":{"allow":["GET"]}}],"collection":[{"href":"https:\/\/conurbanodiario.com.ar\/index.php?rest_route=\/wp\/v2\/posts"}],"about":[{"href":"https:\/\/conurbanodiario.com.ar\/index.php?rest_route=\/wp\/v2\/types\/post"}],"author":[{"embeddable":true,"href":"https:\/\/conurbanodiario.com.ar\/index.php?rest_route=\/wp\/v2\/users\/1"}],"replies":[{"embeddable":true,"href":"https:\/\/conurbanodiario.com.ar\/index.php?rest_route=%2Fwp%2Fv2%2Fcomments&post=59969"}],"version-history":[{"count":1,"href":"https:\/\/conurbanodiario.com.ar\/index.php?rest_route=\/wp\/v2\/posts\/59969\/revisions"}],"predecessor-version":[{"id":59971,"href":"https:\/\/conurbanodiario.com.ar\/index.php?rest_route=\/wp\/v2\/posts\/59969\/revisions\/59971"}],"wp:featuredmedia":[{"embeddable":true,"href":"https:\/\/conurbanodiario.com.ar\/index.php?rest_route=\/wp\/v2\/media\/59656"}],"wp:attachment":[{"href":"https:\/\/conurbanodiario.com.ar\/index.php?rest_route=%2Fwp%2Fv2%2Fmedia&parent=59969"}],"wp:term":[{"taxonomy":"category","embeddable":true,"href":"https:\/\/conurbanodiario.com.ar\/index.php?rest_route=%2Fwp%2Fv2%2Fcategories&post=59969"},{"taxonomy":"post_tag","embeddable":true,"href":"https:\/\/conurbanodiario.com.ar\/index.php?rest_route=%2Fwp%2Fv2%2Ftags&post=59969"}],"curies":[{"name":"wp","href":"https:\/\/api.w.org\/{rel}","templated":true}]}}