{"id":59966,"date":"2023-05-02T04:38:48","date_gmt":"2023-05-02T07:38:48","guid":{"rendered":"https:\/\/conurbanodiario.com.ar\/?p=59966"},"modified":"2023-05-12T20:26:01","modified_gmt":"2023-05-12T23:26:01","slug":"la-provincia-rindio-homenaje-a-marilina-ross-con-un-evento-en-el-salon-dorado","status":"publish","type":"post","link":"https:\/\/conurbanodiario.com.ar\/?p=59966","title":{"rendered":"LA PROVINCIA RINDI\u00d3 HOMENAJE A MARILINA ROSS CON UN EVENTO EN EL SAL\u00d3N DORADO"},"content":{"rendered":"\n<p>El Gobierno de la provincia de Buenos Aires, a trav\u00e9s del Instituto Cultural, realiz\u00f3 un homenaje a Marilina Ross, que cont\u00f3 con su presencia y el acompa\u00f1amiento de m\u00fasicas y actrices para realizar un recorrido por su obra. El eje principal fue una \u201cConversaci\u00f3n abierta con Marilina\u201d, en la que se destacaron los hitos m\u00e1s importantes de su historia con la participaci\u00f3n figurar en cada uno de los campos donde dej\u00f3 su huella: Cristina Banegas, Cecilia Rossetto (Actuaci\u00f3n), Marian Far\u00edas Gomez (Militancia), Sandra Mihanovich y Teresa Parodi (M\u00fasica).&nbsp;<\/p>\n\n\n\n<p>Tambi\u00e9n estuvo la presidenta del Instituto Cultural, Florencia Saintout, quien destac\u00f3: \u201cQue esta Casa de Gobierno del pueblo se llene de cultura y amor es fundamental para encarar lo que viene\u201d.&nbsp;&nbsp;<\/p>\n\n\n\n<p>\u201cCon las alas del alma desplegadas al viento\u201d, grafic\u00f3 el video introductorio que compil\u00f3 im\u00e1genes de la vida de Marilina antes de iluminarse un escenario en el cual se mont\u00f3 una suerte de living. \u201cHablar de Marilina Ross es hablar de la memoria de una patria que subyace en el coraz\u00f3n de nuestro pueblo\u201d, abri\u00f3 su parlamento Teresa Parodi. \u201cSon nada m\u00e1s que ochenta\u2026por ahora vamos bien\u201d, expres\u00f3 con humor Marilina tras una inmensa ovaci\u00f3n. Y luego, en un clima entre emotivo y distendido, ambas amigas repasaron la vida de la homenajeada.&nbsp; \u201cVivir x Justicar un existencia= a no existir\u201d, evoc\u00f3 como su primer texto a los 14 a\u00f1os. \u201cY as\u00ed tuve que vivir\u201d, agreg\u00f3.&nbsp;<\/p>\n\n\n\n<p>Tras hermosas an\u00e9cdotas, se sum\u00f3 a la charla Cristina Banegas, no solo para evocar los inicios como actriz sino tambi\u00e9n para tomar la guitarra y cantar juntas \u201cCarta a pap\u00e1\u201d. Ya con el instrumento en sus manos, las historias se sucedieron pobladas de grandes nombres de la historia cultural argentina con la naturalidad de quien es parte.&nbsp;<\/p>\n\n\n\n<p>La siguiente invitada fue Marian Far\u00edas Gomez, quien se encarg\u00f3 de tocar bombos leg\u00fceros y compartir voces&nbsp; en la chacarera combativa&nbsp; \u201cY que nunca m\u00e1s\u201d.&nbsp; Profundamente conmovidas repasaron los a\u00f1os de m\u00e1s aguerrida militancia con tonadas dedicadas a Evita o a la lucha peronista. Desde el regreso de Per\u00f3n o las persecuciones sufridas hasta &nbsp; \u201cCosa Juzgada\u201d y \u201cLa Raulito\u201d , fueron algunos de los ejes abordados. Otro hito televisivo fue \u201cPiel Naranja\u201d y no pudo faltar una versi\u00f3n de \u201cQuereme\u2026tengo fr\u00edo\u201d.&nbsp;<\/p>\n\n\n\n<p>M\u00e1s adelante, el recorrido incluy\u00f3 el doloroso exilio a Espa\u00f1a y su regreso a\u00fan con Videla en el poder. All\u00ed fue el turno de invitar a Sandra Mihanovich y la invencible \u201cPuerto Pollensa\u201d. Tambi\u00e9n subieron a escena su pareja Patricia Rincci (y su perra Pompy)&nbsp; para entonar \u201cQuien me iba a decir a mi\u201d.&nbsp; Luego corearon a viva voz \u201cEl sol siempre est\u00e1\u201d.<\/p>\n\n\n\n<p>Por \u00faltimo, la reconocida actriz Cecilia Rosseto junto a Florencia Saintout le entregaron a la homenajeada un cuadro con la hist\u00f3rica imagen de \u201cLa Raulito\u201d, entre otros presentes para cerrar el evento. Para revivir el encuentro se puede visitar el&nbsp;<a href=\"https:\/\/www.youtube.com\/channel\/UC9oKeEOrfIrPCCLmfBuEWLw\" rel=\"noreferrer noopener\" target=\"_blank\">canal de Youtube del Instituto Cultural<\/a>.<\/p>\n\n\n\n<p>Militante desde muy peque\u00f1a, fue una de las fundadoras de la Agrupaci\u00f3n Actoral Jos\u00e9 Podest\u00e1 en el a\u00f1o 1973, integrada por m\u00e1s de cien artistas peronistas que presentaba espect\u00e1culos teatrales y musicales en las villas miseria y barrios populares. Dicha agrupaci\u00f3n tambi\u00e9n grab\u00f3 el mismo a\u00f1o un \u00e1lbum llamado \u201cCancionero de la liberaci\u00f3n\u201d, que incluye varias canciones compuestas por Marilina Ross y otras interpretadas por ella. Durante la \u00faltima dictadura c\u00edvico militar, debi\u00f3 exiliarse en Espa\u00f1a.<\/p>\n","protected":false},"excerpt":{"rendered":"<p>El Gobierno de la provincia de Buenos Aires, a trav\u00e9s del Instituto Cultural, realiz\u00f3 un&#8230;<\/p>\n","protected":false},"author":1,"featured_media":59656,"comment_status":"closed","ping_status":"closed","sticky":false,"template":"","format":"standard","meta":{"footnotes":""},"categories":[8],"tags":[],"class_list":["post-59966","post","type-post","status-publish","format-standard","has-post-thumbnail","hentry","category-cultura"],"_links":{"self":[{"href":"https:\/\/conurbanodiario.com.ar\/index.php?rest_route=\/wp\/v2\/posts\/59966","targetHints":{"allow":["GET"]}}],"collection":[{"href":"https:\/\/conurbanodiario.com.ar\/index.php?rest_route=\/wp\/v2\/posts"}],"about":[{"href":"https:\/\/conurbanodiario.com.ar\/index.php?rest_route=\/wp\/v2\/types\/post"}],"author":[{"embeddable":true,"href":"https:\/\/conurbanodiario.com.ar\/index.php?rest_route=\/wp\/v2\/users\/1"}],"replies":[{"embeddable":true,"href":"https:\/\/conurbanodiario.com.ar\/index.php?rest_route=%2Fwp%2Fv2%2Fcomments&post=59966"}],"version-history":[{"count":1,"href":"https:\/\/conurbanodiario.com.ar\/index.php?rest_route=\/wp\/v2\/posts\/59966\/revisions"}],"predecessor-version":[{"id":59968,"href":"https:\/\/conurbanodiario.com.ar\/index.php?rest_route=\/wp\/v2\/posts\/59966\/revisions\/59968"}],"wp:featuredmedia":[{"embeddable":true,"href":"https:\/\/conurbanodiario.com.ar\/index.php?rest_route=\/wp\/v2\/media\/59656"}],"wp:attachment":[{"href":"https:\/\/conurbanodiario.com.ar\/index.php?rest_route=%2Fwp%2Fv2%2Fmedia&parent=59966"}],"wp:term":[{"taxonomy":"category","embeddable":true,"href":"https:\/\/conurbanodiario.com.ar\/index.php?rest_route=%2Fwp%2Fv2%2Fcategories&post=59966"},{"taxonomy":"post_tag","embeddable":true,"href":"https:\/\/conurbanodiario.com.ar\/index.php?rest_route=%2Fwp%2Fv2%2Ftags&post=59966"}],"curies":[{"name":"wp","href":"https:\/\/api.w.org\/{rel}","templated":true}]}}