{"id":59959,"date":"2023-05-02T04:17:51","date_gmt":"2023-05-02T07:17:51","guid":{"rendered":"https:\/\/conurbanodiario.com.ar\/?p=59959"},"modified":"2023-05-12T20:26:01","modified_gmt":"2023-05-12T23:26:01","slug":"mayra-festejo-el-34o-aniversario-del-cjyp-el-dorado-junto-a-jubilados-y-jubiladas-de-quilmes-oeste","status":"publish","type":"post","link":"https:\/\/conurbanodiario.com.ar\/?p=59959","title":{"rendered":"MAYRA FESTEJ\u00d3 EL 34\u00ba ANIVERSARIO DEL CJYP &#8220;EL DORADO&#8221; JUNTO A JUBILADOS Y JUBILADAS DE QUILMES OESTE"},"content":{"rendered":"\n<p>La intendenta de Quilmes, Mayra Mendoza, particip\u00f3&nbsp; ayer lunes junto a integrantes del Centro de Jubilados y Pensionados (CJYP) El Dorado, ubicado en Casares 4011, en Quilmes Oeste, de los festejos por el 34\u00ba aniversario de la instituci\u00f3n.<\/p>\n\n\n\n<p>\u201cEl Centro de Jubilados y Pensionados El Dorado cumpli\u00f3 34 a\u00f1os y estuvimos presentes para celebrar este d\u00eda con sus integrantes. Siempre es una enorme alegr\u00eda conversar con los adultos mayores de Quilmes y ver como disfrutan de estos espacios de encuentro. \u00a1Gracias por el amor, el cari\u00f1o y por los abrazos de siempre!\u201d, afirm\u00f3 Mayra.<\/p>\n\n\n\n<p>A su vez, N\u00e9lida Ram\u00edrez autoridad presente del CJYP El Dorado, dijo: \u201cVivimos este aniversario muy felices, trabajando mucho. Vinieron muchos jubilados, m\u00e1s de 80. Tambi\u00e9n nos encanta que haya venido Mayra, la gente se siente contenta. Tanto la Municipalidad como PAMI nos acompa\u00f1an. Sin su apoyo no hubi\u00e9ramos podido seguir despu\u00e9s de la pandemia\u201d.<\/p>\n\n\n\n<p>El CJYP El Dorado recibi\u00f3 tres subsidios de PAMI y dos de Entidades P\u00fablicas del Municipio para el mantenimiento de su sede, donde se realizaron operativos \u201cQuilmes Cerca\u201d, charlas de asesoramiento para jubilaciones y de pensiones por tareas de cuidado.<\/p>\n\n\n\n<p>Asimismo el CJYP fue uno de los 50 centros del distrito que fueron beneficiarios de un subsidio para la compra de los televisores y para abonar la tarifa del cableoperador, en el marco del programa F\u00fatbol para Todos, entre los que tambi\u00e9n se encuentran Volver a Vivir; Nuestros Derechos; Los 3 Deseos; Villa Esmeralda; 14 de Agosto; Reencuentro Familiar; Vivir con Alegr\u00eda; Villa Luj\u00e1n; Cerveceros; Primavera; Calchaqu\u00ed; Manos Unidas; Santa Mar\u00eda; Itat\u00ed; Fuerza para Vivir; Refugio de los Abuelos; Acci\u00f3n de la Tercera Edad; Remolcador Esperanza; Loma Alegre; Los Positivos; Juntos Somos M\u00e1s; Virginia; 9 de Julio; Ferroviario y Naval; Barrio Elsieland y El Triunfo.<\/p>\n\n\n\n<p>Tambi\u00e9n Mesa Coordinadora de Quilmes; La Fuente Del Deseo; San Valent\u00edn; Lourdes; Rosas de Abril; Vivir con Fe; El Zorzal;&nbsp; El Placer de Vivir; Ahora los Abuelos; 3\u00aa Juventud de Cooperarios; Casa del Jubilado; El Abuelo y el Ni\u00f1o; Alexander Fleming; Honrar la Vida; Amor y Esperanza; Santa Mar\u00eda del Buen Camino; San Francisco Solano; Esperanza de La Florida; General San Mart\u00edn; General Belgrano; La Primavera de los Abuelos; Bien Activos Seguimos Luchando y Amanecer con Alegr\u00eda.<\/p>\n\n\n\n<p>Participaron del encuentro el coordinador de Pol\u00edticas Sociales de PAMI, Facundo Rivero y la directora del Centro Integrador Comunitario (CIC) de Ezpeleta, Natalia L\u00f3pez.<\/p>\n","protected":false},"excerpt":{"rendered":"<p>La intendenta de Quilmes, Mayra Mendoza, particip\u00f3&nbsp; ayer lunes junto a integrantes del Centro de&#8230;<\/p>\n","protected":false},"author":1,"featured_media":59656,"comment_status":"closed","ping_status":"closed","sticky":false,"template":"","format":"standard","meta":{"footnotes":""},"categories":[3],"tags":[],"class_list":["post-59959","post","type-post","status-publish","format-standard","has-post-thumbnail","hentry","category-informacion-general"],"_links":{"self":[{"href":"https:\/\/conurbanodiario.com.ar\/index.php?rest_route=\/wp\/v2\/posts\/59959","targetHints":{"allow":["GET"]}}],"collection":[{"href":"https:\/\/conurbanodiario.com.ar\/index.php?rest_route=\/wp\/v2\/posts"}],"about":[{"href":"https:\/\/conurbanodiario.com.ar\/index.php?rest_route=\/wp\/v2\/types\/post"}],"author":[{"embeddable":true,"href":"https:\/\/conurbanodiario.com.ar\/index.php?rest_route=\/wp\/v2\/users\/1"}],"replies":[{"embeddable":true,"href":"https:\/\/conurbanodiario.com.ar\/index.php?rest_route=%2Fwp%2Fv2%2Fcomments&post=59959"}],"version-history":[{"count":2,"href":"https:\/\/conurbanodiario.com.ar\/index.php?rest_route=\/wp\/v2\/posts\/59959\/revisions"}],"predecessor-version":[{"id":59962,"href":"https:\/\/conurbanodiario.com.ar\/index.php?rest_route=\/wp\/v2\/posts\/59959\/revisions\/59962"}],"wp:featuredmedia":[{"embeddable":true,"href":"https:\/\/conurbanodiario.com.ar\/index.php?rest_route=\/wp\/v2\/media\/59656"}],"wp:attachment":[{"href":"https:\/\/conurbanodiario.com.ar\/index.php?rest_route=%2Fwp%2Fv2%2Fmedia&parent=59959"}],"wp:term":[{"taxonomy":"category","embeddable":true,"href":"https:\/\/conurbanodiario.com.ar\/index.php?rest_route=%2Fwp%2Fv2%2Fcategories&post=59959"},{"taxonomy":"post_tag","embeddable":true,"href":"https:\/\/conurbanodiario.com.ar\/index.php?rest_route=%2Fwp%2Fv2%2Ftags&post=59959"}],"curies":[{"name":"wp","href":"https:\/\/api.w.org\/{rel}","templated":true}]}}