{"id":59947,"date":"2023-05-02T03:44:19","date_gmt":"2023-05-02T06:44:19","guid":{"rendered":"https:\/\/conurbanodiario.com.ar\/?p=59947"},"modified":"2023-05-12T20:26:01","modified_gmt":"2023-05-12T23:26:01","slug":"entro-en-vigencia-el-aumento-del-gas-que-promediara-el-25-en-los-clientes-residenciales","status":"publish","type":"post","link":"https:\/\/conurbanodiario.com.ar\/?p=59947","title":{"rendered":"ENTR\u00d3 EN VIGENCIA EL AUMENTO DEL GAS QUE PROMEDIAR\u00c1 EL 25% EN LOS CLIENTES RESIDENCIALES"},"content":{"rendered":"\n<p>Los nuevos cuadros tarifarios para el transporte y la distribuci\u00f3n de gas entraron en vigencia para todos los consumos realizados desde ayer, con aumentos que rondar\u00e1n 25% en los clientes residenciales. As\u00ed lo dispuso el Ente Nacional Regulador del Gas (Enargas) el viernes pasado, a trav\u00e9s de once resoluciones publicadas en el Bolet\u00edn Oficial para cada operador.<\/p>\n\n\n\n<p>Si bien los precios finales var\u00edan seg\u00fan las distribuidoras, las subzonas, y la segmentaci\u00f3n por capacidad econ\u00f3mica de los usuarios, desde el ente regulador se indic\u00f3 que el aumento en la factura media residencial ser\u00e1 del 25%.<\/p>\n\n\n\n<p>Previamente en marzo pasado, el Enargas hab\u00eda informado un incremento del 28% en el precio del gas en el Punto de Ingreso al Sistema de Transporte (PIST) pero para efectivizar la suba a\u00fan deb\u00edan publicarse los cuadros de los componentes correspondientes a la distribuci\u00f3n y el transporte, lo cual se efectiviz\u00f3 el viernes.<\/p>\n\n\n\n<p>Los aumentos incluyeron la suscripci\u00f3n \u2013publicada en el Bolet\u00edn Oficial el s\u00e1bado- de una segunda adenda al r\u00e9gimen tarifario de transici\u00f3n con las firmas distribuidoras, el cual regir\u00e1 hasta que se termine de renegociar la Revisi\u00f3n Tarifaria Integral (RTI), cuyo plazo para efectuarlo fue prorrogado por un a\u00f1o en diciembre \u00faltimo.<\/p>\n\n\n\n<p>Los aumentos previstos seguir\u00e1n manteniendo al incremento acumulado de las tarifas desde 2019 por debajo de \u00edndices de referencia \u2013que se tomaban en cuenta en la RTI vigente hasta ese a\u00f1o- como la inflaci\u00f3n mayorista y minorista, el \u00edndice del Costo de la Construcci\u00f3n y la suba de los haberes jubilatorios, seg\u00fan indicaron las disposiciones.<\/p>\n\n\n\n<p>Tambi\u00e9n se aclar\u00f3 que los aumentos en los segmentos de ingresos medios y bajos se ubicar\u00e1n por debajo del 40% y 80% respectivamente de la evoluci\u00f3n del Coeficiente de Variaci\u00f3n Salarial del a\u00f1o anterior, que fue del 90,4%.<\/p>\n\n\n\n<p>Para un usuario de la misma distribuidora y de la misma categor\u00eda, pero de Nivel 3 (ingresos medios) el cargo fijo por factura pasar\u00e1 de $ 452,33 a $ 773,04 mientras que el variable subir\u00e1 de $ 20,23 a $ 26,12.<\/p>\n\n\n\n<p>Por \u00faltimo, un usuario del Nivel 2 (ingresos bajos) el cargo fijo por factura pasar\u00e1 de $ 452,33 a $ 706,55 mientras que el variable ascender\u00e1 de $ 17,29 a $ 22,73.<\/p>\n\n\n\n<p>De esta forma, si se toma como referencia un consumo anual de 750 m3 por a\u00f1o, la factura mensual \u2013con 62,5 m3 de consumo por mes como promedio sin tomar en cuenta la estacionalidad en el consumo ni impuestos- ser\u00e1 para el Nivel 1 de $ 4.075, para el Nivel 3 de $ 2.405,5, y para el Nivel 2, de $ 2.127,2. <\/p>\n","protected":false},"excerpt":{"rendered":"<p>Los nuevos cuadros tarifarios para el transporte y la distribuci\u00f3n de gas entraron en vigencia&#8230;<\/p>\n","protected":false},"author":1,"featured_media":59656,"comment_status":"closed","ping_status":"closed","sticky":false,"template":"","format":"standard","meta":{"footnotes":""},"categories":[5],"tags":[],"class_list":["post-59947","post","type-post","status-publish","format-standard","has-post-thumbnail","hentry","category-el-pais"],"_links":{"self":[{"href":"https:\/\/conurbanodiario.com.ar\/index.php?rest_route=\/wp\/v2\/posts\/59947","targetHints":{"allow":["GET"]}}],"collection":[{"href":"https:\/\/conurbanodiario.com.ar\/index.php?rest_route=\/wp\/v2\/posts"}],"about":[{"href":"https:\/\/conurbanodiario.com.ar\/index.php?rest_route=\/wp\/v2\/types\/post"}],"author":[{"embeddable":true,"href":"https:\/\/conurbanodiario.com.ar\/index.php?rest_route=\/wp\/v2\/users\/1"}],"replies":[{"embeddable":true,"href":"https:\/\/conurbanodiario.com.ar\/index.php?rest_route=%2Fwp%2Fv2%2Fcomments&post=59947"}],"version-history":[{"count":1,"href":"https:\/\/conurbanodiario.com.ar\/index.php?rest_route=\/wp\/v2\/posts\/59947\/revisions"}],"predecessor-version":[{"id":59949,"href":"https:\/\/conurbanodiario.com.ar\/index.php?rest_route=\/wp\/v2\/posts\/59947\/revisions\/59949"}],"wp:featuredmedia":[{"embeddable":true,"href":"https:\/\/conurbanodiario.com.ar\/index.php?rest_route=\/wp\/v2\/media\/59656"}],"wp:attachment":[{"href":"https:\/\/conurbanodiario.com.ar\/index.php?rest_route=%2Fwp%2Fv2%2Fmedia&parent=59947"}],"wp:term":[{"taxonomy":"category","embeddable":true,"href":"https:\/\/conurbanodiario.com.ar\/index.php?rest_route=%2Fwp%2Fv2%2Fcategories&post=59947"},{"taxonomy":"post_tag","embeddable":true,"href":"https:\/\/conurbanodiario.com.ar\/index.php?rest_route=%2Fwp%2Fv2%2Ftags&post=59947"}],"curies":[{"name":"wp","href":"https:\/\/api.w.org\/{rel}","templated":true}]}}