{"id":59932,"date":"2023-05-02T02:36:22","date_gmt":"2023-05-02T05:36:22","guid":{"rendered":"https:\/\/conurbanodiario.com.ar\/?p=59932"},"modified":"2023-05-12T20:26:01","modified_gmt":"2023-05-12T23:26:01","slug":"mas-bicicletas-para-los-ninos-y-ninas-de-avellaneda","status":"publish","type":"post","link":"https:\/\/conurbanodiario.com.ar\/?p=59932","title":{"rendered":"M\u00c1S BICICLETAS PARA LOS NI\u00d1OS Y NI\u00d1AS DE AVELLANEDA"},"content":{"rendered":"\n<p>El intendente de Avellaneda, Jorge Ferraresi y la jefa de Gabinete Magdalena Sierra participaron de la jornada de entrega de m\u00e1s de 1300 bicicletas para alumnos y alumnas de las escuelas primarias locales.<\/p>\n\n\n\n<p>Fue en el marco del programa municipal Tu Primera Bici, que la comuna lleva adelante desde el a\u00f1o 2018, para que cada ni\u00f1o de la ciudad tenga acceso a un rodado y sea garantizado su derecho al juego.<\/p>\n\n\n\n<p>Como viene sucediendo cada s\u00e1bado de abril en el Parque \u00c1rea X, en esta ocasi\u00f3n fueron m\u00e1s de 1300 pibes y pibas de las escuelas primarias N\u00b0 3, 5, 8, 16, 24, 27, 37, 40, 45, 47, 59, 60, 64 y 69.<\/p>\n\n\n\n<p>Adem\u00e1s durante el evento la Municipalidad despleg\u00f3 un amplio operativo a trav\u00e9s de sus diferentes Secretar\u00edas para que las familias y vecinxs pudieran acceder a tr\u00e1mites, vacunaci\u00f3n, servicios, consultas y asesoramiento de distinta \u00edndole.<\/p>\n","protected":false},"excerpt":{"rendered":"<p>El intendente de Avellaneda, Jorge Ferraresi y la jefa de Gabinete Magdalena Sierra participaron de&#8230;<\/p>\n","protected":false},"author":1,"featured_media":59656,"comment_status":"closed","ping_status":"closed","sticky":false,"template":"","format":"standard","meta":{"footnotes":""},"categories":[3],"tags":[],"class_list":["post-59932","post","type-post","status-publish","format-standard","has-post-thumbnail","hentry","category-informacion-general"],"_links":{"self":[{"href":"https:\/\/conurbanodiario.com.ar\/index.php?rest_route=\/wp\/v2\/posts\/59932","targetHints":{"allow":["GET"]}}],"collection":[{"href":"https:\/\/conurbanodiario.com.ar\/index.php?rest_route=\/wp\/v2\/posts"}],"about":[{"href":"https:\/\/conurbanodiario.com.ar\/index.php?rest_route=\/wp\/v2\/types\/post"}],"author":[{"embeddable":true,"href":"https:\/\/conurbanodiario.com.ar\/index.php?rest_route=\/wp\/v2\/users\/1"}],"replies":[{"embeddable":true,"href":"https:\/\/conurbanodiario.com.ar\/index.php?rest_route=%2Fwp%2Fv2%2Fcomments&post=59932"}],"version-history":[{"count":1,"href":"https:\/\/conurbanodiario.com.ar\/index.php?rest_route=\/wp\/v2\/posts\/59932\/revisions"}],"predecessor-version":[{"id":59934,"href":"https:\/\/conurbanodiario.com.ar\/index.php?rest_route=\/wp\/v2\/posts\/59932\/revisions\/59934"}],"wp:featuredmedia":[{"embeddable":true,"href":"https:\/\/conurbanodiario.com.ar\/index.php?rest_route=\/wp\/v2\/media\/59656"}],"wp:attachment":[{"href":"https:\/\/conurbanodiario.com.ar\/index.php?rest_route=%2Fwp%2Fv2%2Fmedia&parent=59932"}],"wp:term":[{"taxonomy":"category","embeddable":true,"href":"https:\/\/conurbanodiario.com.ar\/index.php?rest_route=%2Fwp%2Fv2%2Fcategories&post=59932"},{"taxonomy":"post_tag","embeddable":true,"href":"https:\/\/conurbanodiario.com.ar\/index.php?rest_route=%2Fwp%2Fv2%2Ftags&post=59932"}],"curies":[{"name":"wp","href":"https:\/\/api.w.org\/{rel}","templated":true}]}}