{"id":59926,"date":"2023-05-03T01:01:00","date_gmt":"2023-05-03T04:01:00","guid":{"rendered":"https:\/\/conurbanodiario.com.ar\/?p=59926"},"modified":"2023-05-12T20:26:00","modified_gmt":"2023-05-12T23:26:00","slug":"el-municipio-de-varela-invita-a-conocer-la-historia-de-la-constitucion-nacional","status":"publish","type":"post","link":"https:\/\/conurbanodiario.com.ar\/?p=59926","title":{"rendered":"EL MUNICIPIO DE VARELA INVITA A CONOCER LA HISTORIA DE LA CONSTITUCI\u00d3N NACIONAL"},"content":{"rendered":"\n<p>En una nueva oportunidad, el Municipio invita a vecinos y vecinas a recorrer los sucesos para la confecci\u00f3n de la Carta Magna de la Argentina hasta el viernes 19 de mayo en el Museo Comunitario de Artes Visuales e Hist\u00f3rico, de lunes a viernes en sus dos turnos: por la ma\u00f1ana a partir de las 10 hs. y por la tarde a las 14 hs.<\/p>\n\n\n\n<p>\u201cEsta muestra gr\u00e1fica trazar\u00e1 una l\u00ednea de tiempo desde su sanci\u00f3n el 1\u00b0 de mayo de 1853, sus modificaciones, hasta la \u00faltima versi\u00f3n en 1994\u201d, anticipa la subdirectora en la dependencia ubicada en la intersecci\u00f3n de la calle 25 de Mayo con Chacabuco -Viviana Torres-.<\/p>\n\n\n\n<p>Adem\u00e1s, cuenta que la iniciativa surge en conmemoraci\u00f3n del D\u00eda de la Constituci\u00f3n Nacional, que establece la Ley N\u00b025.863, con el objetivo de recordar \u201cel momento en que las provincias convocan a un Congreso Constituyente en Santa Fe y firman el texto, a fin de lograr la uni\u00f3n de nuestro pa\u00eds, afianzar la justicia y consolidar la paz\u201d.<\/p>\n","protected":false},"excerpt":{"rendered":"<p>En una nueva oportunidad, el Municipio invita a vecinos y vecinas a recorrer los sucesos&#8230;<\/p>\n","protected":false},"author":1,"featured_media":59656,"comment_status":"closed","ping_status":"closed","sticky":false,"template":"","format":"standard","meta":{"footnotes":""},"categories":[33,3],"tags":[],"class_list":["post-59926","post","type-post","status-publish","format-standard","has-post-thumbnail","hentry","category-destacados","category-informacion-general"],"_links":{"self":[{"href":"https:\/\/conurbanodiario.com.ar\/index.php?rest_route=\/wp\/v2\/posts\/59926","targetHints":{"allow":["GET"]}}],"collection":[{"href":"https:\/\/conurbanodiario.com.ar\/index.php?rest_route=\/wp\/v2\/posts"}],"about":[{"href":"https:\/\/conurbanodiario.com.ar\/index.php?rest_route=\/wp\/v2\/types\/post"}],"author":[{"embeddable":true,"href":"https:\/\/conurbanodiario.com.ar\/index.php?rest_route=\/wp\/v2\/users\/1"}],"replies":[{"embeddable":true,"href":"https:\/\/conurbanodiario.com.ar\/index.php?rest_route=%2Fwp%2Fv2%2Fcomments&post=59926"}],"version-history":[{"count":1,"href":"https:\/\/conurbanodiario.com.ar\/index.php?rest_route=\/wp\/v2\/posts\/59926\/revisions"}],"predecessor-version":[{"id":59928,"href":"https:\/\/conurbanodiario.com.ar\/index.php?rest_route=\/wp\/v2\/posts\/59926\/revisions\/59928"}],"wp:featuredmedia":[{"embeddable":true,"href":"https:\/\/conurbanodiario.com.ar\/index.php?rest_route=\/wp\/v2\/media\/59656"}],"wp:attachment":[{"href":"https:\/\/conurbanodiario.com.ar\/index.php?rest_route=%2Fwp%2Fv2%2Fmedia&parent=59926"}],"wp:term":[{"taxonomy":"category","embeddable":true,"href":"https:\/\/conurbanodiario.com.ar\/index.php?rest_route=%2Fwp%2Fv2%2Fcategories&post=59926"},{"taxonomy":"post_tag","embeddable":true,"href":"https:\/\/conurbanodiario.com.ar\/index.php?rest_route=%2Fwp%2Fv2%2Ftags&post=59926"}],"curies":[{"name":"wp","href":"https:\/\/api.w.org\/{rel}","templated":true}]}}