{"id":59917,"date":"2023-05-02T02:19:21","date_gmt":"2023-05-02T05:19:21","guid":{"rendered":"https:\/\/conurbanodiario.com.ar\/?p=59917"},"modified":"2023-05-12T20:26:01","modified_gmt":"2023-05-12T23:26:01","slug":"se-realizo-una-jornada-de-salud-integral-en-pereyra","status":"publish","type":"post","link":"https:\/\/conurbanodiario.com.ar\/?p=59917","title":{"rendered":"SE REALIZ\u00d3 UNA JORNADA DE SALUD INTEGRAL EN PEREYRA"},"content":{"rendered":"\n<p><strong>Se brind\u00f3 asistencia sanitaria a la comunidad escolar rural&nbsp;y sus familias&nbsp;de la localidad de Pereyra, dentro de una Jornada de Salud Integral organizada por los Gobiernos nacional, provincial y municipal. De esta manera, se acercaron servicios de atenci\u00f3n primaria al Jard\u00edn de Infantes N\u00b0 936, a la Primaria N\u00b0 19 y a la Escuela Agraria N\u00b0 1.<\/strong><\/p>\n\n\n\n<p>La Municipalidad de Berazategui &#8211; a cargo del intendente Juan Jos\u00e9 Mussi-, a trav\u00e9s de la Secretar\u00eda de Salud P\u00fablica e Higiene, brind\u00f3 asistencia en las especialidades: cl\u00ednica, pedi\u00e1trica, adultos, medicina general, reumatolog\u00eda y obstetricia; detecci\u00f3n de factores de riesgo cardiovascular; firma de Libretas AUH; testeo r\u00e1pido para VIH- S\u00edfilis; y consejer\u00eda en Alimentaci\u00f3n Saludable y Salud Sexual y Reproductiva. Tambi\u00e9n se acerc\u00f3 a la comunidad la atenci\u00f3n de la Red Comunitaria de Salud Mental; Sedronar; de las Redes de Fonoaudiolog\u00eda y de Odontolog\u00eda. Se efectu\u00f3 la vacunaci\u00f3n de Calendario Nacional, antigripal y contra el Covid-19; se capacit\u00f3 en RCP y uso de DEA; y se entregaron medicamentos y leche.<\/p>\n\n\n\n<p>Asimismo, la Red Oftalmol\u00f3gica municipal trabaj\u00f3 en la detecci\u00f3n de casos, tratamiento y derivaci\u00f3n, en conjunto con la Red Oftalmol\u00f3gica Territorial de la Direcci\u00f3n de Ni\u00f1ez y Adolescencia de la Provincia, con Optometr\u00eda y entrega de lentes del Programa \u00abVer para Aprender\u00bb.<\/p>\n\n\n\n<p>Roxana Farinelli, orientadora Educacional del Jard\u00edn de Infantes N\u00b0 936, destac\u00f3: \u201cEsta es una gran oportunidad para las familias y la comunidad, sobre todo para quienes trabajan en las quintas, porque aqu\u00ed tienen acceso a un mont\u00f3n de servicios. Esto es muy importante, hoy tenemos servicios de un mont\u00f3n de especialidades para las familias, algo s\u00faper necesario\u201d.<\/p>\n\n\n\n<p>Por su parte, Jennifer Robledo,&nbsp;coordinadora provincial, afirm\u00f3: \u201cHoy llevamos adelante el operativo con varias actividades; contamos con la unidad sanitaria m\u00f3vil de Odontolog\u00eda, donde los chicos de 1\u00b0 a 6\u00b0 reciben un mini taller aula por sal\u00f3n y se hacen los controles; y con la unidad sanitaria de \u00b4Ver para Aprender\u00b4\u201d. De esta manera, el Ministerio de Salud de la Provincia brind\u00f3 servicios a trav\u00e9sde las Direcciones Provinciales de Salud Comunitaria; Ni\u00f1ez y Adolescencia; Salud Bucal; Organizaci\u00f3n Comunitaria&nbsp;y Epidemiologia, Promoci\u00f3n y Prevenci\u00f3n de la Salud.&nbsp;En tanto, los agentes del Ministerio de Desarrollo Social de la Naci\u00f3n, a trav\u00e9s de la Direcci\u00f3n de Dispositivos Territoriales M\u00f3viles, acercaron prestaciones del equipo de Fonoaudiolog\u00eda y Audiometr\u00eda, talleres de Salud Bucal y de Estimulaci\u00f3n del Lenguaje, entre otras.<\/p>\n\n\n\n<p>Tambi\u00e9n hubo espacios de sensibilizaci\u00f3n sobre la enfermedad de Chagas a trav\u00e9s del Programa Provincial de Chagas y los Institutos Dr. Mario Fatala Chaben y Anlis Malbran; adem\u00e1s de espacios de inscripciones al Registro Nacional Sanitario de Productores Agropecuarios&nbsp;(RENSPA) y al Registro Nacional de la Agricultura Familiar (RENAF).<\/p>\n","protected":false},"excerpt":{"rendered":"<p>Se brind\u00f3 asistencia sanitaria a la comunidad escolar rural&nbsp;y sus familias&nbsp;de la localidad de Pereyra,&#8230;<\/p>\n","protected":false},"author":1,"featured_media":59656,"comment_status":"closed","ping_status":"closed","sticky":false,"template":"","format":"standard","meta":{"footnotes":""},"categories":[31],"tags":[],"class_list":["post-59917","post","type-post","status-publish","format-standard","has-post-thumbnail","hentry","category-salud"],"_links":{"self":[{"href":"https:\/\/conurbanodiario.com.ar\/index.php?rest_route=\/wp\/v2\/posts\/59917","targetHints":{"allow":["GET"]}}],"collection":[{"href":"https:\/\/conurbanodiario.com.ar\/index.php?rest_route=\/wp\/v2\/posts"}],"about":[{"href":"https:\/\/conurbanodiario.com.ar\/index.php?rest_route=\/wp\/v2\/types\/post"}],"author":[{"embeddable":true,"href":"https:\/\/conurbanodiario.com.ar\/index.php?rest_route=\/wp\/v2\/users\/1"}],"replies":[{"embeddable":true,"href":"https:\/\/conurbanodiario.com.ar\/index.php?rest_route=%2Fwp%2Fv2%2Fcomments&post=59917"}],"version-history":[{"count":1,"href":"https:\/\/conurbanodiario.com.ar\/index.php?rest_route=\/wp\/v2\/posts\/59917\/revisions"}],"predecessor-version":[{"id":59919,"href":"https:\/\/conurbanodiario.com.ar\/index.php?rest_route=\/wp\/v2\/posts\/59917\/revisions\/59919"}],"wp:featuredmedia":[{"embeddable":true,"href":"https:\/\/conurbanodiario.com.ar\/index.php?rest_route=\/wp\/v2\/media\/59656"}],"wp:attachment":[{"href":"https:\/\/conurbanodiario.com.ar\/index.php?rest_route=%2Fwp%2Fv2%2Fmedia&parent=59917"}],"wp:term":[{"taxonomy":"category","embeddable":true,"href":"https:\/\/conurbanodiario.com.ar\/index.php?rest_route=%2Fwp%2Fv2%2Fcategories&post=59917"},{"taxonomy":"post_tag","embeddable":true,"href":"https:\/\/conurbanodiario.com.ar\/index.php?rest_route=%2Fwp%2Fv2%2Ftags&post=59917"}],"curies":[{"name":"wp","href":"https:\/\/api.w.org\/{rel}","templated":true}]}}