{"id":59914,"date":"2023-05-02T01:53:56","date_gmt":"2023-05-02T04:53:56","guid":{"rendered":"https:\/\/conurbanodiario.com.ar\/?p=59914"},"modified":"2023-05-02T02:13:43","modified_gmt":"2023-05-02T05:13:43","slug":"mayra-festejo-los-60-anos-de-la-sf-1-de-mayo-junto-a-los-vecinos-y-anuncio-la-construccion-de-una-cancha-de-parquet","status":"publish","type":"post","link":"https:\/\/conurbanodiario.com.ar\/?p=59914","title":{"rendered":"MAYRA FESTEJ\u00d3 LOS 60 A\u00d1OS DE LA SF 1\u00b0 DE MAYO JUNTO A LOS VECINOS Y ANUNCI\u00d3 LA CONSTRUCCI\u00d3N DE UNA CANCHA DE PARQUET"},"content":{"rendered":"\n<p>La intendenta de Quilmes, Mayra Mendoza, particip\u00f3 ayer lunes junto a vecinas y vecinos de los festejos por los 60 a\u00f1os de la Sociedad de Fomento 1 de Mayo, ubicada en la calle Aldo Emir Jofre 2280, de Bernal Oeste. Adem\u00e1s, anunci\u00f3 la construcci\u00f3n de una cancha de parquet en la instituci\u00f3n donde se realiza de manera gratuita f\u00fatbol infantil y femenino, taekwondo, handball y v\u00f3ley.<\/p>\n\n\n\n<p>\u201cQuiero anunciarles que la 1 de Mayo, a partir de un subsidio municipal, va a tener la posibilidad de estar inaugurando la cancha de parquet para que todos puedan disfrutarla, para que se hagan regionales, porque seguramente vengan de otros distritos a participar. Y la verdad es que siento una gratificaci\u00f3n enorme cuando podemos anunciar estos pasos que son grandes avances\u201d, sostuvo Mayra luego de recorrer el gimnasio donde el Municipio realiz\u00f3 refacciones.<\/p>\n\n\n\n<p>&nbsp;La Jefa comunal afirm\u00f3: \u201cMe siento representada porque las sociedades de fomento y los clubes de barrio cumplen un rol social fundamental en el aporte de la comunidad organizada, y en la posibilidad de abrir las puertas y abrazar a diferentes generaciones. Ac\u00e1 hay familias enteras que encontraron un \u00e1mbito donde hay principios, valores, solidaridad, respeto y un esfuerzo en com\u00fan, mancomunado. El trabajo articulado da sus frutos y tiene sus resultados. Y todo ese trabajo que hace la comunidad siempre es m\u00e1s beneficioso, productivo y provechoso cuando hay un Estado presente\u201d.<\/p>\n\n\n\n<p>En 2021, a partir de la articulaci\u00f3n con la gesti\u00f3n municipal y desde el Programa de Fortalecimiento a Entidades y Clubes de Barrio, se le otorg\u00f3 a la instituci\u00f3n un importante subsidio. Tambi\u00e9n, en 2022 y 2023 el espacio recibi\u00f3 fondosdesde el Ministerio de Turismo y Deportes de la Naci\u00f3n. De esta manera, se realiz\u00f3 un sal\u00f3n abierto, se compr\u00f3 pintura y se reformar\u00e1n los vestuarios. Asimismo, se realiz\u00f3&nbsp;&nbsp;la entrega de material deportivo&nbsp;&nbsp;en 2022 y 2023 para sus actividades.<\/p>\n\n\n\n<p>En este sentido, el presidente de la instituci\u00f3n, Edgardo Flores, se\u00f1al\u00f3: \u201cAgradezco a Mayra estar en un d\u00eda tan importante para nuestra entidad. Una entidad que naci\u00f3 hace 60 a\u00f1os, con el fin de trabajar para mejorar el barrio y con la incertidumbre, comenzamos a trabajar. El objetivo es tener una entidad que sea un orgullo del barrio y hoy tengo el honor de presidirla.Y algo que quiero destacar es que esta es la primera vez despu\u00e9s de mucho tiempo, que s\u00e9 a qui\u00e9n tengo que votar en las pr\u00f3ximas elecciones en el municipio de Quilmes, por la cantidad de obras que se hicieron en el barrio, por la ayuda a los clubes. No solo por la plata, si no por predisposici\u00f3n y la presencia de losfuncionarios\u201d.<\/p>\n\n\n\n<p>Participaron de la actividad el secretario de Culturas y Deportes, Nicol\u00e1s Mellino; la subsecretaria de Entidades de Bien P\u00fablico y Deportes, Martina Bonanata, y el director de Promoci\u00f3n Deportiva, Ligas y Federaciones, Carlos Doallo.<\/p>\n","protected":false},"excerpt":{"rendered":"<p>La intendenta de Quilmes, Mayra Mendoza, particip\u00f3 ayer lunes junto a vecinas y vecinos de&#8230;<\/p>\n","protected":false},"author":1,"featured_media":59656,"comment_status":"closed","ping_status":"closed","sticky":false,"template":"","format":"standard","meta":{"footnotes":""},"categories":[3],"tags":[],"class_list":["post-59914","post","type-post","status-publish","format-standard","has-post-thumbnail","hentry","category-informacion-general"],"_links":{"self":[{"href":"https:\/\/conurbanodiario.com.ar\/index.php?rest_route=\/wp\/v2\/posts\/59914","targetHints":{"allow":["GET"]}}],"collection":[{"href":"https:\/\/conurbanodiario.com.ar\/index.php?rest_route=\/wp\/v2\/posts"}],"about":[{"href":"https:\/\/conurbanodiario.com.ar\/index.php?rest_route=\/wp\/v2\/types\/post"}],"author":[{"embeddable":true,"href":"https:\/\/conurbanodiario.com.ar\/index.php?rest_route=\/wp\/v2\/users\/1"}],"replies":[{"embeddable":true,"href":"https:\/\/conurbanodiario.com.ar\/index.php?rest_route=%2Fwp%2Fv2%2Fcomments&post=59914"}],"version-history":[{"count":1,"href":"https:\/\/conurbanodiario.com.ar\/index.php?rest_route=\/wp\/v2\/posts\/59914\/revisions"}],"predecessor-version":[{"id":59916,"href":"https:\/\/conurbanodiario.com.ar\/index.php?rest_route=\/wp\/v2\/posts\/59914\/revisions\/59916"}],"wp:featuredmedia":[{"embeddable":true,"href":"https:\/\/conurbanodiario.com.ar\/index.php?rest_route=\/wp\/v2\/media\/59656"}],"wp:attachment":[{"href":"https:\/\/conurbanodiario.com.ar\/index.php?rest_route=%2Fwp%2Fv2%2Fmedia&parent=59914"}],"wp:term":[{"taxonomy":"category","embeddable":true,"href":"https:\/\/conurbanodiario.com.ar\/index.php?rest_route=%2Fwp%2Fv2%2Fcategories&post=59914"},{"taxonomy":"post_tag","embeddable":true,"href":"https:\/\/conurbanodiario.com.ar\/index.php?rest_route=%2Fwp%2Fv2%2Ftags&post=59914"}],"curies":[{"name":"wp","href":"https:\/\/api.w.org\/{rel}","templated":true}]}}