{"id":59899,"date":"2023-05-02T01:08:00","date_gmt":"2023-05-02T04:08:00","guid":{"rendered":"https:\/\/conurbanodiario.com.ar\/?p=59899"},"modified":"2023-05-02T01:04:09","modified_gmt":"2023-05-02T04:04:09","slug":"scioli-reafirmo-su-derecho-a-participar-de-las-paso-dentro-del-oficialismo","status":"publish","type":"post","link":"https:\/\/conurbanodiario.com.ar\/?p=59899","title":{"rendered":"SCIOLI REAFIRM\u00d3 SU &#8220;DERECHO A PARTICIPAR DE LAS PASO&#8221; DENTRO DEL OFICIALISMO"},"content":{"rendered":"\n<p>El embajador argentino en Brasil, Daniel Scioli, afirm\u00f3 que tiene \u00abderecho\u00bb a participar de las PASO en el Frente de Todos (FdT) y que m\u00e1s all\u00e1 de los \u00abpedidos de candidato \u00fanico\u00bb, su objetivo es \u00abcompetir\u00bb en las elecciones primarias del 13 de agosto dada su \u00abexperiencia y compromiso a lo largo de todos estos a\u00f1os\u00bb.<\/p>\n\n\n\n<p>En ese marco, el embajador argentino en Brasil se describi\u00f3 como un \u00abdefensor\u00bb de las PASO como \u00abmecanismo integrador y participativo\u00bb.<\/p>\n\n\n\n<p>\u00abVeo distintas opiniones o pedidos de candidato \u00fanico. Yo quiero competir y creo que me gan\u00e9 el espacio\u00bb, asegur\u00f3 Scioli y agreg\u00f3 que a lo largo de su carrera pol\u00edtica demostr\u00f3 su \u00abcapacidad de dialogar con todos los sectores y encontrar los puntos de encuentro\u00bb.<\/p>\n\n\n\n<p>\u00abNecesitamos ampliar, integrar y potenciar nuestro espacio pol\u00edtico e ir en b\u00fasqueda de electores\u00bb, agreg\u00f3. Tambi\u00e9n evalu\u00f3 importante que se fijen \u00abreglas claras que den el marco a una PASO integradora para orientar la participaci\u00f3n a lo largo y ancho del pa\u00eds\u00bb.<\/p>\n\n\n\n<p>\u00abHay que garantizar las PASO para que todos aquellos que tengamos aspiraciones dirimamos democr\u00e1ticamente y que el pueblo argentino sea el que ordene las candidaturas\u00bb, expres\u00f3.<\/p>\n\n\n\n<p>A su vez, Scioli salud\u00f3 a los trabajadores en su d\u00eda y remarc\u00f3 su \u00abcompromiso entra\u00f1able\u00bb para \u00abtrabajar por mejores salarios con la convicci\u00f3n de que el trabajo es el gran ordenador social\u00bb.<\/p>\n","protected":false},"excerpt":{"rendered":"<p>El embajador argentino en Brasil, Daniel Scioli, afirm\u00f3 que tiene \u00abderecho\u00bb a participar de las&#8230;<\/p>\n","protected":false},"author":1,"featured_media":59656,"comment_status":"closed","ping_status":"closed","sticky":false,"template":"","format":"standard","meta":{"footnotes":""},"categories":[5],"tags":[],"class_list":["post-59899","post","type-post","status-publish","format-standard","has-post-thumbnail","hentry","category-el-pais"],"_links":{"self":[{"href":"https:\/\/conurbanodiario.com.ar\/index.php?rest_route=\/wp\/v2\/posts\/59899","targetHints":{"allow":["GET"]}}],"collection":[{"href":"https:\/\/conurbanodiario.com.ar\/index.php?rest_route=\/wp\/v2\/posts"}],"about":[{"href":"https:\/\/conurbanodiario.com.ar\/index.php?rest_route=\/wp\/v2\/types\/post"}],"author":[{"embeddable":true,"href":"https:\/\/conurbanodiario.com.ar\/index.php?rest_route=\/wp\/v2\/users\/1"}],"replies":[{"embeddable":true,"href":"https:\/\/conurbanodiario.com.ar\/index.php?rest_route=%2Fwp%2Fv2%2Fcomments&post=59899"}],"version-history":[{"count":2,"href":"https:\/\/conurbanodiario.com.ar\/index.php?rest_route=\/wp\/v2\/posts\/59899\/revisions"}],"predecessor-version":[{"id":59902,"href":"https:\/\/conurbanodiario.com.ar\/index.php?rest_route=\/wp\/v2\/posts\/59899\/revisions\/59902"}],"wp:featuredmedia":[{"embeddable":true,"href":"https:\/\/conurbanodiario.com.ar\/index.php?rest_route=\/wp\/v2\/media\/59656"}],"wp:attachment":[{"href":"https:\/\/conurbanodiario.com.ar\/index.php?rest_route=%2Fwp%2Fv2%2Fmedia&parent=59899"}],"wp:term":[{"taxonomy":"category","embeddable":true,"href":"https:\/\/conurbanodiario.com.ar\/index.php?rest_route=%2Fwp%2Fv2%2Fcategories&post=59899"},{"taxonomy":"post_tag","embeddable":true,"href":"https:\/\/conurbanodiario.com.ar\/index.php?rest_route=%2Fwp%2Fv2%2Ftags&post=59899"}],"curies":[{"name":"wp","href":"https:\/\/api.w.org\/{rel}","templated":true}]}}