{"id":59885,"date":"2023-05-02T01:09:00","date_gmt":"2023-05-02T04:09:00","guid":{"rendered":"https:\/\/conurbanodiario.com.ar\/?p=59885"},"modified":"2023-05-01T20:50:15","modified_gmt":"2023-05-01T23:50:15","slug":"se-reunen-el-gobierno-bonaerense-y-gremios-docentes-para-revisar-el-acuerdo-salarial","status":"publish","type":"post","link":"https:\/\/conurbanodiario.com.ar\/?p=59885","title":{"rendered":"SE RE\u00daNEN EL GOBIERNO BONAERENSE Y GREMIOS DOCENTES PARA REVISAR EL ACUERDO SALARIAL"},"content":{"rendered":"\n<p>Representantes gremiales de los trabajadores docentes y del Gobierno bonaerense se reunir\u00e1n este martes con el objetivo de rever el acuerdo salarial firmado en febrero pasado, seg\u00fan informaron fuentes oficiales.<\/p>\n\n\n\n<p>La reapertura de las negociaciones fue solicitada tanto por el Frente de Unidad Docente (FUDB) como por los gremios estatales de La Uni\u00f3n del Personal Civil de la Naci\u00f3n (UPCN), la Asociaci\u00f3n de Trabajadores del Estado (ATE) y la Federaci\u00f3n de Gremios Estatales y Particulares de la Provincia (Fegeppba).<\/p>\n\n\n\n<p>El febrero, el Gobierno y los sindicatos acordaron un incremento promedio en tres tramos de 20% en marzo, 6% en mayo y 14% en julio (totalizando un 40% en los primeros siete meses del a\u00f1o).<\/p>\n\n\n\n<p>Ello incluy\u00f3 una cl\u00e1usula de revisi\u00f3n en mayo, y el compromiso del Ejecutivo provincial de reabrir la negociaci\u00f3n en agosto. <\/p>\n","protected":false},"excerpt":{"rendered":"<p>Representantes gremiales de los trabajadores docentes y del Gobierno bonaerense se reunir\u00e1n este martes con&#8230;<\/p>\n","protected":false},"author":1,"featured_media":59656,"comment_status":"closed","ping_status":"closed","sticky":false,"template":"","format":"standard","meta":{"footnotes":""},"categories":[30],"tags":[],"class_list":["post-59885","post","type-post","status-publish","format-standard","has-post-thumbnail","hentry","category-gremiales"],"_links":{"self":[{"href":"https:\/\/conurbanodiario.com.ar\/index.php?rest_route=\/wp\/v2\/posts\/59885","targetHints":{"allow":["GET"]}}],"collection":[{"href":"https:\/\/conurbanodiario.com.ar\/index.php?rest_route=\/wp\/v2\/posts"}],"about":[{"href":"https:\/\/conurbanodiario.com.ar\/index.php?rest_route=\/wp\/v2\/types\/post"}],"author":[{"embeddable":true,"href":"https:\/\/conurbanodiario.com.ar\/index.php?rest_route=\/wp\/v2\/users\/1"}],"replies":[{"embeddable":true,"href":"https:\/\/conurbanodiario.com.ar\/index.php?rest_route=%2Fwp%2Fv2%2Fcomments&post=59885"}],"version-history":[{"count":1,"href":"https:\/\/conurbanodiario.com.ar\/index.php?rest_route=\/wp\/v2\/posts\/59885\/revisions"}],"predecessor-version":[{"id":59887,"href":"https:\/\/conurbanodiario.com.ar\/index.php?rest_route=\/wp\/v2\/posts\/59885\/revisions\/59887"}],"wp:featuredmedia":[{"embeddable":true,"href":"https:\/\/conurbanodiario.com.ar\/index.php?rest_route=\/wp\/v2\/media\/59656"}],"wp:attachment":[{"href":"https:\/\/conurbanodiario.com.ar\/index.php?rest_route=%2Fwp%2Fv2%2Fmedia&parent=59885"}],"wp:term":[{"taxonomy":"category","embeddable":true,"href":"https:\/\/conurbanodiario.com.ar\/index.php?rest_route=%2Fwp%2Fv2%2Fcategories&post=59885"},{"taxonomy":"post_tag","embeddable":true,"href":"https:\/\/conurbanodiario.com.ar\/index.php?rest_route=%2Fwp%2Fv2%2Ftags&post=59885"}],"curies":[{"name":"wp","href":"https:\/\/api.w.org\/{rel}","templated":true}]}}