{"id":59879,"date":"2023-05-02T01:09:00","date_gmt":"2023-05-02T04:09:00","guid":{"rendered":"https:\/\/conurbanodiario.com.ar\/?p=59879"},"modified":"2023-05-01T20:14:54","modified_gmt":"2023-05-01T23:14:54","slug":"river-asume-un-importante-compromiso-en-brasil-antes-del-superclasico-con-boca","status":"publish","type":"post","link":"https:\/\/conurbanodiario.com.ar\/?p=59879","title":{"rendered":"RIVER ASUME UN IMPORTANTE COMPROMISO EN BRASIL ANTES DEL SUPERCL\u00c1SICO CON BOCA"},"content":{"rendered":"\n<p>River Plate jugar\u00e1 este martes en el Maracan\u00e1 de R\u00edo de Janeiro un importante partido ante el l\u00edder de su grupo en la Copa Libertadores, Fluminense de Brasil, previo al supercl\u00e1sico del domingo pr\u00f3ximo ante Boca Juniors en el estadio M\u00e1s Monumental.<\/p>\n\n\n\n<p>El compromiso en el m\u00edtico escenario \u00abcarioca\u00bb, v\u00e1lido por la tercera fecha, ser\u00e1 desde las 21.00 con arbitraje del uruguayo Esteban Ostojich y transmisi\u00f3n de Fox Sports.<\/p>\n\n\n\n<p>Se trata del partido m\u00e1s dif\u00edcil para River en esta fase, de gran incidencia sobre la posibilidad de adjudicarse el Grupo D, por esa raz\u00f3n el DT Mart\u00edn Demichelis no reservar\u00e1 jugadores pese a la cercan\u00eda del primer supercl\u00e1sico de su ciclo t\u00e9cnico en el club.<\/p>\n\n\n\n<p>Fluminense lidera la zona con puntaje ideal (6) despu\u00e9s de sus victorias ante Sporting Cristal de Per\u00fa (0) y The Strongest (3); mientras que River ocupa el tercer lugar con 3 unidades y mejor diferencia de gol respecto de los bolivianos.<\/p>\n\n\n\n<p>Una eventual derrota en el Maracan\u00e1 dejar\u00eda al equipo argentino a seis de distancia del l\u00edder, casi obligado a pelear por la clasificaci\u00f3n como segundo del grupo.<\/p>\n\n\n\n<p>Para evitar ese escenario inc\u00f3modo, Demichelis utilizar\u00e1 la formaci\u00f3n con la que alcanz\u00f3 un brillante rendimiento en la Liga Profesional, que lidera con seis puntos de ventaja sobre San Lorenzo.<\/p>\n\n\n\n<p>El DT \u00abmillonario\u00bb hizo descansar a la mayor\u00eda de sus titulares en el empate del viernes pasado ante Atl\u00e9tico Tucum\u00e1n y este martes los pondr\u00e1 en cancha a riesgo de cualquiera baja para el trascendental juego del domingo en N\u00fa\u00f1ez.<\/p>\n\n\n\n<p>En la defensa presentar\u00e1 una modificaci\u00f3n irremediable por la expulsi\u00f3n del lateral Enzo D\u00edaz en el \u00faltimo partido con Sporting, de local. Milton Casco se mudar\u00e1 al sector izquierdo y el correntino Andr\u00e9s Herrera ingresar\u00e1 para cubrir la banda derecha.<\/p>\n\n\n\n<p>River no podr\u00e1 contar con el marcador central chileno Paulo D\u00edaz, quien se recupera de una lesi\u00f3n muscular y apunta a regresar con Boca. As\u00ed, Emanuel Mammana compartir\u00e1 zaga con Leandro Gonz\u00e1lez P\u00edrez.<\/p>\n\n\n\n<p>El puntero de la LPF perdi\u00f3 tres partidos en el a\u00f1o y s\u00f3lo uno de los \u00faltimos 12: el debut copero frente a The Strongest, en la altura de La Paz.<\/p>\n\n\n\n<p>Este martes tendr\u00e1 enfrente al equipo del momento en Brasil, un rival con jerarqu\u00eda y experiencia, que se arm\u00f3 con el objetivo claro de ganar la primera Libertadores de su historia.<\/p>\n\n\n\n<p>Los consagrados Felipe Melo (39 a\u00f1os), Marcelo (36), Paulo Henrique Ganso (33) y el goleador argentino Germ\u00e1n Cano (35) son las figuras m\u00e1s rutilantes de su plantel.<\/p>\n\n\n\n<p>Tambi\u00e9n tiene juventud en el mediocampista Andr\u00e9 (21 a\u00f1os), ya est\u00e1 apuntado por Barcelona y Liverpool; el mediapunta Gabriel Piran\u00ed (21) y el defensor Alexsander (19).<\/p>\n\n\n\n<p>El lateral Marcelo, futbolista con m\u00e1s t\u00edtulos en la historia del Real Madrid (25), est\u00e1 en duda por una lesi\u00f3n muscular.<\/p>\n\n\n\n<p>El argentino Cano, ex Lan\u00fas y Chacarita Juniors, lleva 20 goles en 20 partidos disputados este a\u00f1o. Con 64 tantos en 89 juegos, se ubica como el segundo goleador de Fluminense en el siglo XXI detr\u00e1s de Fred (130).<\/p>\n\n\n\n<p>El entrenador Fernando Diniz cumple este lunes un a\u00f1o en el cargo con un rendimiento del 68,7% (42 victorias, 10 empates y 14 derrotas en 66 partidos).<\/p>\n\n\n\n<p>= Probables formaciones =<\/p>\n\n\n\n<p>Fluminense: F\u00e1bio; Samuel Xavier, Nino, Felipe Melo y Alexsander o Marcelo; Andr\u00e9 y Lima; Keno, Ganso y Jhon Arias; Germ\u00e1n Cano. DT: Fernando Diniz.<\/p>\n\n\n\n<p>River Plate: Franco Armani; Andr\u00e9s Herrera, Leandro Gonz\u00e1lez P\u00edrez, Emanuel Mammana y Milton Casco; Enzo P\u00e9rez y Rodrigo Aliendro; Nicol\u00e1s De la Cruz, Ignacio Fern\u00e1ndez y Esequiel Barco; Lucas Beltr\u00e1n. DT: Mart\u00edn Demichelis.<\/p>\n\n\n\n<p>\u00c1rbitro: Esteban Ostojich (Uruguay).<\/p>\n\n\n\n<p>VAR: \u00c1ngel Hermosilla (Chile).<\/p>\n\n\n\n<p>Estadio: Maracan\u00e1 de R\u00edo de Janeiro.<\/p>\n\n\n\n<p>Hora de inicio: 21.00.<\/p>\n\n\n\n<p>TV: Fox Sports. <\/p>\n","protected":false},"excerpt":{"rendered":"<p>River Plate jugar\u00e1 este martes en el Maracan\u00e1 de R\u00edo de Janeiro un importante partido&#8230;<\/p>\n","protected":false},"author":1,"featured_media":59656,"comment_status":"closed","ping_status":"closed","sticky":false,"template":"","format":"standard","meta":{"footnotes":""},"categories":[32],"tags":[],"class_list":["post-59879","post","type-post","status-publish","format-standard","has-post-thumbnail","hentry","category-deportes"],"_links":{"self":[{"href":"https:\/\/conurbanodiario.com.ar\/index.php?rest_route=\/wp\/v2\/posts\/59879","targetHints":{"allow":["GET"]}}],"collection":[{"href":"https:\/\/conurbanodiario.com.ar\/index.php?rest_route=\/wp\/v2\/posts"}],"about":[{"href":"https:\/\/conurbanodiario.com.ar\/index.php?rest_route=\/wp\/v2\/types\/post"}],"author":[{"embeddable":true,"href":"https:\/\/conurbanodiario.com.ar\/index.php?rest_route=\/wp\/v2\/users\/1"}],"replies":[{"embeddable":true,"href":"https:\/\/conurbanodiario.com.ar\/index.php?rest_route=%2Fwp%2Fv2%2Fcomments&post=59879"}],"version-history":[{"count":1,"href":"https:\/\/conurbanodiario.com.ar\/index.php?rest_route=\/wp\/v2\/posts\/59879\/revisions"}],"predecessor-version":[{"id":59881,"href":"https:\/\/conurbanodiario.com.ar\/index.php?rest_route=\/wp\/v2\/posts\/59879\/revisions\/59881"}],"wp:featuredmedia":[{"embeddable":true,"href":"https:\/\/conurbanodiario.com.ar\/index.php?rest_route=\/wp\/v2\/media\/59656"}],"wp:attachment":[{"href":"https:\/\/conurbanodiario.com.ar\/index.php?rest_route=%2Fwp%2Fv2%2Fmedia&parent=59879"}],"wp:term":[{"taxonomy":"category","embeddable":true,"href":"https:\/\/conurbanodiario.com.ar\/index.php?rest_route=%2Fwp%2Fv2%2Fcategories&post=59879"},{"taxonomy":"post_tag","embeddable":true,"href":"https:\/\/conurbanodiario.com.ar\/index.php?rest_route=%2Fwp%2Fv2%2Ftags&post=59879"}],"curies":[{"name":"wp","href":"https:\/\/api.w.org\/{rel}","templated":true}]}}