{"id":5393,"date":"2020-06-29T03:05:00","date_gmt":"2020-06-29T06:05:00","guid":{"rendered":"http:\/\/conurbanodiario.com.ar\/?p=5393"},"modified":"2020-06-28T02:31:58","modified_gmt":"2020-06-28T05:31:58","slug":"una-joven-brasilena-de-21-anos-y-su-bebe-fueron-victimas-de-violencia-y-debieron-ser-repatriados","status":"publish","type":"post","link":"https:\/\/conurbanodiario.com.ar\/?p=5393","title":{"rendered":"UNA JOVEN BRASILE\u00d1A DE 21 A\u00d1OS Y SU BEB\u00c9 FUERON V\u00cdCTIMAS DE VIOLENCIA Y DEBIERON SER REPATRIADOS"},"content":{"rendered":"\n<p>Una joven brasile\u00f1a que lleg\u00f3 con su beb\u00e9 a la localidad bonaerense de Berazategui poco antes de que se decrete el aislamiento social por la pandemia de coronavirus fue v\u00edctima de violencia f\u00edsica y psicol\u00f3gica por parte de su pareja y, tras presentar una denuncia, fue asistida por ese municipio y el de Florencio Varela tras lo cual regres\u00f3 a su casa en Brasil.<\/p>\n\n\n\n<p>As\u00ed lo revelaron hoy autoridades comunales de Berazategui al se\u00f1alar que la mujer que cumpli\u00f3 los 21 a\u00f1os mientras estaba alojada junto a su hijo de 4 meses en el Hogar de Protecci\u00f3n Integral de Florencio Varela.<\/p>\n\n\n\n<p>La joven present\u00f3 la denuncia contra su pareja el 6 de junio y regres\u00f3 con su hijo a Brasil el 20 de junio en el marco de un operativo que hoy se hizo p\u00fablico.<\/p>\n\n\n\n<p>La directora de la Mujer de Berazategui, Salom\u00e9 Pereyra, cont\u00f3 a T\u00e9lam que \u201cel 6 de junio pasado Grace fue con su hijo hasta la comisar\u00eda de la Mujer e hizo la denuncia de que era v\u00edctima de violencia f\u00edsica y psicol\u00f3gica por parte de su pareja con quien viv\u00eda en la zona de 132 y 17 de esta localidad\u201d.<\/p>\n\n\n\n<p>\u201cElla ya hab\u00eda ido y venido un par de veces entre Argentina y Brasil y la \u00faltima vez que entr\u00f3 al pa\u00eds fue hace unos tres meses despu\u00e9s del nacimiento de su hijo; pero la situaci\u00f3n de violencia la llev\u00f3 a presentar la denuncia y la comisar\u00eda de la Mujer nos contact\u00f3 para que podamos asistir a esta chica que adem\u00e1s de extranjera era muy chica\u201d, apunt\u00f3.<\/p>\n\n\n\n<p>La funcionaria indic\u00f3 que \u201cGrace no se pod\u00eda quedar en casa de su agresor y por ahora Berazategui no cuenta con un refugio para v\u00edctimas, as\u00ed que r\u00e1pidamente nuestro intendente, Juan Jos\u00e9 Mussi, se puso en contacto con el intendente de Florencio Varela, Andr\u00e9s Watson, y tramitamos su alojamiento junto a su hijo en el Hogar de Protecci\u00f3n Integral que tiene ese municipio vecino\u201d.<\/p>\n\n\n\n<p>La joven \u201chizo la denuncia cerca de las 16, y despu\u00e9s de que nuestro equipo tomase contacto con ella fuimos hasta una unidad sanitaria municipal para poder hacerle todos los chequeos m\u00e9dicos correspondientes y un informe m\u00e9dico de s\u00edntomas de Covid-19 para poder darle traslado al hogar de Florencio Varela, cosa que pudimos hacer cerca de la medianoche\u201d, record\u00f3.<\/p>\n\n\n\n<p>Pereyra afirm\u00f3 que luego de que la joven \u00abestuvo instalada lo primero que hicieron las profesionales que la acompa\u00f1aban fue ponerla en comunicaci\u00f3n a trav\u00e9s de videollamada con su mam\u00e1 Tarziana y eso las tranquiliz\u00f3 mucho a las dos; adem\u00e1s su mam\u00e1 nos cont\u00f3 que ella pod\u00eda costearle el pasaje de regreso a Brasil\u201d.<\/p>\n\n\n\n<p>\u201cEntramos en contacto con la embajada y con el consulado de Brasil para hacer de manera correcta todos los tr\u00e1mites de la repatriaci\u00f3n, y luego con una empresa que se dedica a organizar viajes hacia all\u00e1; as\u00ed que el 19 de junio la acompa\u00f1amos hasta el barrio porte\u00f1o de Flores para subirse al micro y el 20 su mam\u00e1 nos mand\u00f3 un video de su llegada que nos emocion\u00f3 mucho a todos los que trabajamos en el caso\u201d, agreg\u00f3.<\/p>\n\n\n\n<p>Pereyra indic\u00f3 que \u00abal agresor le qued\u00f3 abierta la denuncia por violencia de g\u00e9nero y eso seguir\u00e1 su tr\u00e1mite judicial\u00bb.<\/p>\n\n\n\n<p>\u00abEn Berazategui desde que comenz\u00f3 el aislamiento social, preventivo y obligatorio por la pandemia hemos atendido m\u00e1s de 400 episodios de Violencia de G\u00e9nero en los que adem\u00e1s de las denuncias acompa\u00f1amos con pedidos de perimetrales, de ceses de hostigamiento y la instalaci\u00f3n de botones antip\u00e1nico que son los recursos de los que disponemos desde el municipio\u201d, complet\u00f3.<\/p>\n\n\n\n<p>En todo el pa\u00eds funciona la L\u00ednea 144 de atenci\u00f3n, contenci\u00f3n y asesoramiento en situaciones de violencia de g\u00e9nero. Por WhatsApp: +5491127716463.<\/p>\n","protected":false},"excerpt":{"rendered":"<p>Una joven brasile\u00f1a que lleg\u00f3 con su beb\u00e9 a la localidad bonaerense de Berazategui poco&#8230;<\/p>\n","protected":false},"author":1,"featured_media":59656,"comment_status":"open","ping_status":"open","sticky":false,"template":"","format":"standard","meta":{"footnotes":""},"categories":[10],"tags":[],"class_list":["post-5393","post","type-post","status-publish","format-standard","has-post-thumbnail","hentry","category-seguridad"],"_links":{"self":[{"href":"https:\/\/conurbanodiario.com.ar\/index.php?rest_route=\/wp\/v2\/posts\/5393","targetHints":{"allow":["GET"]}}],"collection":[{"href":"https:\/\/conurbanodiario.com.ar\/index.php?rest_route=\/wp\/v2\/posts"}],"about":[{"href":"https:\/\/conurbanodiario.com.ar\/index.php?rest_route=\/wp\/v2\/types\/post"}],"author":[{"embeddable":true,"href":"https:\/\/conurbanodiario.com.ar\/index.php?rest_route=\/wp\/v2\/users\/1"}],"replies":[{"embeddable":true,"href":"https:\/\/conurbanodiario.com.ar\/index.php?rest_route=%2Fwp%2Fv2%2Fcomments&post=5393"}],"version-history":[{"count":1,"href":"https:\/\/conurbanodiario.com.ar\/index.php?rest_route=\/wp\/v2\/posts\/5393\/revisions"}],"predecessor-version":[{"id":5395,"href":"https:\/\/conurbanodiario.com.ar\/index.php?rest_route=\/wp\/v2\/posts\/5393\/revisions\/5395"}],"wp:featuredmedia":[{"embeddable":true,"href":"https:\/\/conurbanodiario.com.ar\/index.php?rest_route=\/wp\/v2\/media\/59656"}],"wp:attachment":[{"href":"https:\/\/conurbanodiario.com.ar\/index.php?rest_route=%2Fwp%2Fv2%2Fmedia&parent=5393"}],"wp:term":[{"taxonomy":"category","embeddable":true,"href":"https:\/\/conurbanodiario.com.ar\/index.php?rest_route=%2Fwp%2Fv2%2Fcategories&post=5393"},{"taxonomy":"post_tag","embeddable":true,"href":"https:\/\/conurbanodiario.com.ar\/index.php?rest_route=%2Fwp%2Fv2%2Ftags&post=5393"}],"curies":[{"name":"wp","href":"https:\/\/api.w.org\/{rel}","templated":true}]}}