{"id":5376,"date":"2020-06-26T19:34:37","date_gmt":"2020-06-26T22:34:37","guid":{"rendered":"http:\/\/conurbanodiario.com.ar\/?p=5376"},"modified":"2020-06-30T04:04:25","modified_gmt":"2020-06-30T07:04:25","slug":"restriccion-en-la-circulacion-apoyo-monetario-y-mas-cuidados-las-nuevas-medidas-en-amba","status":"publish","type":"post","link":"https:\/\/conurbanodiario.com.ar\/?p=5376","title":{"rendered":"RESTRICCI\u00d3N EN LA CIRCULACI\u00d3N, APOYO MONETARIO Y M\u00c1S CUIDADOS: LAS NUEVAS MEDIDAS EN AMBA"},"content":{"rendered":"\n<p>El presidente Alberto Fern\u00e1ndez anunci\u00f3 hoy una nueva etapa del aislamiento social, preventivo y obligatorio (ASPO) por la pandemia de coronavirus, que regir\u00e1 desde el 1 hasta el 17 de julio pr\u00f3ximo, con mayores restricciones para el \u00c1rea Metropolitana de Buenos Aires (AMBA) ante un aumento en los contagios de coronavirus.<\/p>\n\n\n\n<p>Adem\u00e1s, indic\u00f3 que habr\u00e1 limitaciones en el uso del transporte p\u00fablico, que ser\u00e1 de uso exclusivo para trabajadores esenciales desde el lunes pr\u00f3ximo en la regi\u00f3n metropolitana, donde pidi\u00f3 a todos que \u00abse queden en casa\u00bb.<\/p>\n\n\n\n<p>\u00abLos argentinos deben enojarse con la pandemia, no con el remedio\u00bb, dijo el Presidente en un mensaje grabado desde la residencia de Olivos, en el que sostuvo, adem\u00e1s, que \u00abno se debe permitir el aumento de casos\u00bb de coronavirus.<\/p>\n\n\n\n<p>Acompa\u00f1ado por el gobernador bonaerense, Axel Kicillof, y el jefe de Gobierno porte\u00f1o, Horacio Rodr\u00edguez Larreta, el jefe de Estado resalt\u00f3 que todas las medidas se toman \u00aben consenso y coordinaci\u00f3n\u00bb con la Ciudad y la provincia de Buenos Aires.<\/p>\n\n\n\n<p>Los tres mandatarios hab\u00edan mantenido en la tarde de ayer una reuni\u00f3n en Olivos que comenz\u00f3 alrededor de las 18 y termin\u00f3 a las 21, encuentro que retomaron minutos antes de este mediod\u00eda para definir detalles de las medidas anunciadas.<\/p>\n\n\n\n<p>\u00abAlberto Fern\u00e1ndez nunca se enamor\u00f3 de la cuarentena: es un remedio para la pandemia y es el \u00fanico que conocemos; de lo que estamos enamorados es de la vida y por eso la cuidamos tanto y por eso nos pesa tanto ese n\u00famero tr\u00e1gico de personas que dejaron de estar entre nosotros\u00bb, dijo el Presidente, en referencia a los m\u00e1s de mil fallecidos por Covid-19 en el pa\u00eds.<\/p>\n\n\n\n<p>Fern\u00e1ndez precis\u00f3 que \u00abel 97 por ciento de los casos que se detectan ocurren en el AMBA\u00bb y agreg\u00f3 que \u00aben los \u00faltimos 20 d\u00edas, los casos aumentaron 147% y los fallecidos, 95%\u00bb, al tiempo que dej\u00f3 claro que \u00ablos casos no aumentaron por los tests, sino por la circulaci\u00f3n del virus\u00bb, que tom\u00f3 mayor velocidad en los \u00faltimos d\u00edas, tal como se preve\u00eda.<\/p>\n\n\n\n<p>La fase estricta del aislamiento social que anunci\u00f3 hoy el presidente ante este incremento en la circulaci\u00f3n del virus, estar\u00e1 vigente desde el 1 de julio hasta el 17 de ese mes.<\/p>\n\n\n\n<p>\u00abAmerica Latina hoy es el epicentro de la pandemia\u00bb, mencion\u00f3 el mandatario al repasar datos relativos a la tasa de incidencia del coronavirus, es decir, contagios cada 100 mil habitantes, n\u00f3mina en la que la Argentina acumula valores de 115 y Chile, 1.331.<\/p>\n\n\n\n<p>El Presidente explic\u00f3 que \u00abhay que hacer algo para parar el ritmo del contagio, para aliviar las camas ocupadas y seguir garantizando que todos los argentinos tengan la atenci\u00f3n que merecen\u00bb.<\/p>\n\n\n\n<p>\u00abEl problema lo tenemos en el AMBA y, entonces, tenemos que hacer un esfuerzo enorme en ese lugar, para preservar la salud de los que vivimos all\u00ed y para ser solidarios con el resto del pa\u00eds: tenemos que aislar el AMBA porque en el resto del pa\u00eds no tienen esos problemas\u00bb, subray\u00f3 en referencia al distanciamiento social, preventivo y obligatorio que rige en casi el 85 por ciento del territorio argentino.<\/p>\n\n\n\n<p>Las nuevas restricciones para el AMBA abarcan el uso del transporte p\u00fablico, que estar\u00e1 destinado \u00abexclusivamente\u00bb a los trabajadores de las 24 actividades y servicios declarados esenciales.<\/p>\n\n\n\n<p>Respecto a ese segmento de trabajadores, indic\u00f3 que quienes se trasladen con sus autom\u00f3viles deber\u00e1n solicitar nuevamente el permiso de circulaci\u00f3n correspondiente.<\/p>\n\n\n\n<p>\u00abVamos a volver a sacar a las fuerzas de seguridad para controlar el tr\u00e1fico de autom\u00f3viles y de personas para que solo se muevan los que cumplen actividades esenciales\u00bb, enfatiz\u00f3 Fern\u00e1ndez para dimensionar el alcance de la medida.<\/p>\n\n\n\n<p>En ciertas zonas del Gran Buenos Aires, se permitir\u00e1 el funcionamiento de algunas industrias como parques industriales, aquellas que exigen procesos continuos de producci\u00f3n, y las que producen con fines de exportaci\u00f3n, se precis\u00f3 tambi\u00e9n.<\/p>\n\n\n\n<p>En relaci\u00f3n con el empleo p\u00fablico, indic\u00f3 que se propiciar\u00e1 que tanto en \u00e1mbitos de la Naci\u00f3n, como en Ciudad y Provincia, se limite la circulaci\u00f3n de trabajadores para incentivar el trabajo remoto en todos los casos en que pueda realizarse.<\/p>\n\n\n\n<p>El mandatario anunci\u00f3 tambi\u00e9n que el Gobierno continuar\u00e1 asistiendo al trabajo y la producci\u00f3n en las zonas afectadas del AMBA, continuar\u00e1 con el pago del IFE a quienes lo necesiten en esa \u00e1rea, y tambi\u00e9n en Chaco y en algunas zonas de R\u00edo Negro.<\/p>\n\n\n\n<p>\u00abAs\u00ed, estaremos preservando el empleo y dando tranquilidad a los empresarios, alivi\u00e1ndolos de una inversi\u00f3n muy alta que son los salarios\u00bb, destac\u00f3 el mandatario, quien tambi\u00e9n record\u00f3 que \u00ablos comerciantes y los profesionales independientes tienen la posibilidad de acceder a un cr\u00e9dito a tasa 0, en relaci\u00f3n a sus actividades\u00bb.<\/p>\n\n\n\n<p>Por \u00faltimo, inform\u00f3 sobre la continuidad del plan Detectar tanto en la Ciudad como en la provincia de Buenos Aires para descubrir contagios y dar los tratamientos que corresponden a los v\u00ednculos de proximidad de quien tiene test positivo.<\/p>\n\n\n\n<p>\u00abProfundizaremos con mayor cantidad de gente y de test, y vamos a mejorar nuestra capacidad de diagn\u00f3stico m\u00e9dico con test m\u00e1s r\u00e1pidos, adem\u00e1s de aprovechar mejor los centros de aislamiento\u00bb, subray\u00f3 el jefe de Estado.<\/p>\n\n\n\n<p>El mensaje del presidente Alberto Fern\u00e1ndez, como as\u00ed tambi\u00e9n los que siguieron de Axel Kicillof y Horacio Rodr\u00edguez Larreta fueron grabados hoy en la residencia de Olivos, donde los mandatarios locales llegaron cerca del mediod\u00eda.<\/p>\n\n\n\n<p>En el mensaje, que dur\u00f3 casi una hora, los tres mandatarios hicieron un llamado a los argentinos para que entiendan que con estas medidas m\u00e1s restrictivas los est\u00e1n \u00abcuidando\u00bb y no les est\u00e1n quitando libertad, ya que, como dijo el Jefe de Estado, \u00abla libertad siempre se pierde cuando uno muere\u00bb.<\/p>\n","protected":false},"excerpt":{"rendered":"<p>El presidente Alberto Fern\u00e1ndez anunci\u00f3 hoy una nueva etapa del aislamiento social, preventivo y obligatorio&#8230;<\/p>\n","protected":false},"author":1,"featured_media":59656,"comment_status":"open","ping_status":"open","sticky":false,"template":"","format":"standard","meta":{"footnotes":""},"categories":[31],"tags":[],"class_list":["post-5376","post","type-post","status-publish","format-standard","has-post-thumbnail","hentry","category-salud"],"_links":{"self":[{"href":"https:\/\/conurbanodiario.com.ar\/index.php?rest_route=\/wp\/v2\/posts\/5376","targetHints":{"allow":["GET"]}}],"collection":[{"href":"https:\/\/conurbanodiario.com.ar\/index.php?rest_route=\/wp\/v2\/posts"}],"about":[{"href":"https:\/\/conurbanodiario.com.ar\/index.php?rest_route=\/wp\/v2\/types\/post"}],"author":[{"embeddable":true,"href":"https:\/\/conurbanodiario.com.ar\/index.php?rest_route=\/wp\/v2\/users\/1"}],"replies":[{"embeddable":true,"href":"https:\/\/conurbanodiario.com.ar\/index.php?rest_route=%2Fwp%2Fv2%2Fcomments&post=5376"}],"version-history":[{"count":1,"href":"https:\/\/conurbanodiario.com.ar\/index.php?rest_route=\/wp\/v2\/posts\/5376\/revisions"}],"predecessor-version":[{"id":5378,"href":"https:\/\/conurbanodiario.com.ar\/index.php?rest_route=\/wp\/v2\/posts\/5376\/revisions\/5378"}],"wp:featuredmedia":[{"embeddable":true,"href":"https:\/\/conurbanodiario.com.ar\/index.php?rest_route=\/wp\/v2\/media\/59656"}],"wp:attachment":[{"href":"https:\/\/conurbanodiario.com.ar\/index.php?rest_route=%2Fwp%2Fv2%2Fmedia&parent=5376"}],"wp:term":[{"taxonomy":"category","embeddable":true,"href":"https:\/\/conurbanodiario.com.ar\/index.php?rest_route=%2Fwp%2Fv2%2Fcategories&post=5376"},{"taxonomy":"post_tag","embeddable":true,"href":"https:\/\/conurbanodiario.com.ar\/index.php?rest_route=%2Fwp%2Fv2%2Ftags&post=5376"}],"curies":[{"name":"wp","href":"https:\/\/api.w.org\/{rel}","templated":true}]}}