{"id":5373,"date":"2020-06-26T17:35:46","date_gmt":"2020-06-26T20:35:46","guid":{"rendered":"http:\/\/conurbanodiario.com.ar\/?p=5373"},"modified":"2020-06-26T17:35:47","modified_gmt":"2020-06-26T20:35:47","slug":"incineraron-mas-de-1-120-kilos-de-estupefacientes-en-ezpeleta","status":"publish","type":"post","link":"https:\/\/conurbanodiario.com.ar\/?p=5373","title":{"rendered":"INCINERARON M\u00c1S DE 1.120 KILOS DE ESTUPEFACIENTES EN EZPELETA"},"content":{"rendered":"\n<p>La intendenta de Quilmes, Mayra Mendoza, particip\u00f3 esta tarde junto al secretario de Seguridad y Pol\u00edtica Criminal de la Naci\u00f3n, Eduardo Villalba, de la incineraci\u00f3n de m\u00e1s de 1.120 kilos de estupefacientes en el crematorio Cementerio de Ezpeleta.<\/p>\n\n\n\n<p>La actividad se llev\u00f3 a cabo en el marco del D\u00eda Internacional de la Lucha contra el Uso Indebido y el Tr\u00e1fico Il\u00edcito de Drogas, conmemorado en la jornada de hoy, y cont\u00f3 con el acompa\u00f1amiento de la subsecretaria de Investigaci\u00f3n Criminal y Cooperaci\u00f3n Judicial, Valentina Novick y la titular de la SEDRONAR, Gabriela Torres.<\/p>\n\n\n\n<p>\u201cEstamos en el crematorio del Cementerio Municipal, participando de la quema de estupefacientes por un trabajo en conjunto del Ministerio de Seguridad de la Naci\u00f3n, con las fuerzas federales, con los juzgados y con la SEDRONAR\u201d, explic\u00f3 la Jefa Comunal.<\/p>\n\n\n\n<p>\u201cPara nosotros es muy importante el abordaje del narcotr\u00e1fico, trabajar en la prevenci\u00f3n del consumo y que no sea una b\u00fasqueda que apunte a los consumidores, sino que la lucha ante este delito se dirija a un trabajo contra las grandes bandas y organizaciones\u201d, agreg\u00f3 Mendoza, quien estuvo acompa\u00f1ada por el Jefe de Gabinete local, Alejandro Gandulfo; el secretario de Seguridad y Ordenamiento Urbano, Gaspar De St\u00e9fano y su par de Legal y T\u00e9cnica, Claudio Carbone.<\/p>\n\n\n\n<p>Por su parte, Eduardo Villalba coment\u00f3: \u201cVinimos a Quilmes para incinerar una cantidad de estupefacientes, producto de distintos operativos que se han realizado junto con el Poder Judicial y las fuerzas federales. Es muy importante esta tarea en conjunto, porque es el resultado de una tarea mancomunada en la que ha intervenido mucha gente capacitada que se encuentra trabajando muy fuerte en la lucha contra el narcotr\u00e1fico\u201d.<\/p>\n\n\n\n<p>En la incineraci\u00f3n tambi\u00e9n estuvieron los titulares del Juzgado Nacional en lo Penal Econ\u00f3mico N\u00b0 2, Dr. Pablo Yaradola, y de la Procuradur\u00eda de Narcocriminalidad del Ministerio P\u00fablico Fiscal, Dr. Diego Iglesias; el jefe de la Unidad de Asesores de la Subsecretar\u00eda de Investigaci\u00f3n Criminal y Cooperaci\u00f3n Judicial, Pablo Serd\u00e1n; el titular de la Direcci\u00f3n Nacional de Lucha contra el Narcotr\u00e1fico, Pablo Vera; el director Nacional de la Polic\u00eda de Seguridad Aeroportuaria, Jos\u00e9 Glinski; otras autoridades de la fuerzas federales y representantes del Grupo de Tareas Conjuntas de Interdicci\u00f3n Aeroportuaria del Proyecto Aircop.<\/p>\n\n\n\n<p>Detalles de los estupefacientes incinerados<\/p>\n\n\n\n<p>Se incineraron m\u00e1s de 691 kilos de coca\u00edna; 427 kg de marihuana, 3 kg de paco; 1.900 unidades de drogas sint\u00e9ticas, y hojas de coca. Entre la droga incinerada hay 250 kilos de coca\u00edna que fueron incautados en septiembre del 2019, en el Aeropuerto Nacional Ministro Pistarini de Ezeiza, con la participaci\u00f3n del Grupo AIRCOP Argentina, cuando efectivos de la Polic\u00eda de Seguridad Aeroportuaria y personal de AFIP- Aduana detuvieron a 13 integrantes de una organizaci\u00f3n que intentaba traficar la droga a Espa\u00f1a.<\/p>\n","protected":false},"excerpt":{"rendered":"<p>La intendenta de Quilmes, Mayra Mendoza, particip\u00f3 esta tarde junto al secretario de Seguridad y&#8230;<\/p>\n","protected":false},"author":1,"featured_media":59656,"comment_status":"open","ping_status":"open","sticky":false,"template":"","format":"standard","meta":{"footnotes":""},"categories":[10],"tags":[],"class_list":["post-5373","post","type-post","status-publish","format-standard","has-post-thumbnail","hentry","category-seguridad"],"_links":{"self":[{"href":"https:\/\/conurbanodiario.com.ar\/index.php?rest_route=\/wp\/v2\/posts\/5373","targetHints":{"allow":["GET"]}}],"collection":[{"href":"https:\/\/conurbanodiario.com.ar\/index.php?rest_route=\/wp\/v2\/posts"}],"about":[{"href":"https:\/\/conurbanodiario.com.ar\/index.php?rest_route=\/wp\/v2\/types\/post"}],"author":[{"embeddable":true,"href":"https:\/\/conurbanodiario.com.ar\/index.php?rest_route=\/wp\/v2\/users\/1"}],"replies":[{"embeddable":true,"href":"https:\/\/conurbanodiario.com.ar\/index.php?rest_route=%2Fwp%2Fv2%2Fcomments&post=5373"}],"version-history":[{"count":1,"href":"https:\/\/conurbanodiario.com.ar\/index.php?rest_route=\/wp\/v2\/posts\/5373\/revisions"}],"predecessor-version":[{"id":5375,"href":"https:\/\/conurbanodiario.com.ar\/index.php?rest_route=\/wp\/v2\/posts\/5373\/revisions\/5375"}],"wp:featuredmedia":[{"embeddable":true,"href":"https:\/\/conurbanodiario.com.ar\/index.php?rest_route=\/wp\/v2\/media\/59656"}],"wp:attachment":[{"href":"https:\/\/conurbanodiario.com.ar\/index.php?rest_route=%2Fwp%2Fv2%2Fmedia&parent=5373"}],"wp:term":[{"taxonomy":"category","embeddable":true,"href":"https:\/\/conurbanodiario.com.ar\/index.php?rest_route=%2Fwp%2Fv2%2Fcategories&post=5373"},{"taxonomy":"post_tag","embeddable":true,"href":"https:\/\/conurbanodiario.com.ar\/index.php?rest_route=%2Fwp%2Fv2%2Ftags&post=5373"}],"curies":[{"name":"wp","href":"https:\/\/api.w.org\/{rel}","templated":true}]}}