{"id":5370,"date":"2020-06-26T15:50:16","date_gmt":"2020-06-26T18:50:16","guid":{"rendered":"http:\/\/conurbanodiario.com.ar\/?p=5370"},"modified":"2020-06-26T15:50:16","modified_gmt":"2020-06-26T18:50:16","slug":"el-gen-quilmes-se-solidariza-con-silvina-martinez","status":"publish","type":"post","link":"https:\/\/conurbanodiario.com.ar\/?p=5370","title":{"rendered":"EL GEN QUILMES SE SOLIDARIZA CON SILVINA MART\u00cdNEZ"},"content":{"rendered":"\n<p>Desde el GEN de Quilmes expresaron su solidaridad con la abogada Silvina Mart\u00ednez que luego de realizar una publicacion en Twitter, recibi\u00f3 insultos y descalificaciones por parte de Pablo Papini, funcionario de la Municipalidad de Quilmes.<\/p>\n\n\n\n<p>\u00abEntendemos que se puede estar de acuerdo o no, con las denuncias o acusaciones realizadas, pero nada justifica la violencia en ninguna de sus formas\u00bb, manifestaron desde el partido al tiempo que se\u00f1alaron: \u00abEstamos en un tiempo de reflexi\u00f3n y de evoluci\u00f3n como sociedad en lo que respecta al g\u00e9nero. Por tanto, ya no se toleran este tipo de accionares machistas y misoginos. #NoMasViolenciaDeGenero\u00bb.<\/p>\n","protected":false},"excerpt":{"rendered":"<p>Desde el GEN de Quilmes expresaron su solidaridad con la abogada Silvina Mart\u00ednez que luego&#8230;<\/p>\n","protected":false},"author":1,"featured_media":59656,"comment_status":"open","ping_status":"open","sticky":false,"template":"","format":"standard","meta":{"footnotes":""},"categories":[35],"tags":[],"class_list":["post-5370","post","type-post","status-publish","format-standard","has-post-thumbnail","hentry","category-politica"],"_links":{"self":[{"href":"https:\/\/conurbanodiario.com.ar\/index.php?rest_route=\/wp\/v2\/posts\/5370","targetHints":{"allow":["GET"]}}],"collection":[{"href":"https:\/\/conurbanodiario.com.ar\/index.php?rest_route=\/wp\/v2\/posts"}],"about":[{"href":"https:\/\/conurbanodiario.com.ar\/index.php?rest_route=\/wp\/v2\/types\/post"}],"author":[{"embeddable":true,"href":"https:\/\/conurbanodiario.com.ar\/index.php?rest_route=\/wp\/v2\/users\/1"}],"replies":[{"embeddable":true,"href":"https:\/\/conurbanodiario.com.ar\/index.php?rest_route=%2Fwp%2Fv2%2Fcomments&post=5370"}],"version-history":[{"count":1,"href":"https:\/\/conurbanodiario.com.ar\/index.php?rest_route=\/wp\/v2\/posts\/5370\/revisions"}],"predecessor-version":[{"id":5372,"href":"https:\/\/conurbanodiario.com.ar\/index.php?rest_route=\/wp\/v2\/posts\/5370\/revisions\/5372"}],"wp:featuredmedia":[{"embeddable":true,"href":"https:\/\/conurbanodiario.com.ar\/index.php?rest_route=\/wp\/v2\/media\/59656"}],"wp:attachment":[{"href":"https:\/\/conurbanodiario.com.ar\/index.php?rest_route=%2Fwp%2Fv2%2Fmedia&parent=5370"}],"wp:term":[{"taxonomy":"category","embeddable":true,"href":"https:\/\/conurbanodiario.com.ar\/index.php?rest_route=%2Fwp%2Fv2%2Fcategories&post=5370"},{"taxonomy":"post_tag","embeddable":true,"href":"https:\/\/conurbanodiario.com.ar\/index.php?rest_route=%2Fwp%2Fv2%2Ftags&post=5370"}],"curies":[{"name":"wp","href":"https:\/\/api.w.org\/{rel}","templated":true}]}}