{"id":5367,"date":"2020-06-26T14:44:43","date_gmt":"2020-06-26T17:44:43","guid":{"rendered":"http:\/\/conurbanodiario.com.ar\/?p=5367"},"modified":"2020-06-26T14:44:44","modified_gmt":"2020-06-26T17:44:44","slug":"mas-de-4-mil-vecinos-usan-la-plataforma-de-contenidos-educativos-de-berazategui","status":"publish","type":"post","link":"https:\/\/conurbanodiario.com.ar\/?p=5367","title":{"rendered":"M\u00c1S DE 4 MIL VECINOS USAN LA PLATAFORMA DE CONTENIDOS EDUCATIVOS DE BERAZATEGUI"},"content":{"rendered":"\n<p>La Plataforma Web de contenidos educativos que la Municipalidad de Berazategui lanz\u00f3 durante el Aislamiento Social, Preventivo y Obligatorio ya cuenta con m\u00e1s de 4 mil usuarios que se sumaron a las diferentes alternativas que ofrece para que puedan seguir capacit\u00e1ndose desde sus casas.<\/p>\n\n\n\n<p>El contenido educativo de esta plataforma, ideada por el ex intendente de Berazategui, Juan Patricio Mussi, quien trabaj\u00f3 junto a un equipo especializado para su creaci\u00f3n, es actualizado cada semana. Por lo tanto, el p\u00fablico puede acceder en forma cont\u00ednua a nuevos materiales preparados especialmente para disfrutar a distancia.<\/p>\n\n\n\n<p>De esta manera, se est\u00e1n incorporando nuevos m\u00f3dulos y, a trav\u00e9s de la primer Aula virtual, ya se est\u00e1n capacitando unos&nbsp;74&nbsp;voluntarios de la Campa\u00f1a Municipal de Alfabetizaci\u00f3n para ser alfabetizadores.<\/p>\n\n\n\n<p>Al respecto, el secretario de Cultura y Educaci\u00f3n, Federico L\u00f3pez, explic\u00f3: \u201cA trav\u00e9s de la Plataforma online de contenidos educativos, los estudiantes se reciben de alfabetizadores en 3 meses. Esta modalidad de cursada, adem\u00e1s, nos sirve como prueba piloto, pensando en su extensi\u00f3n en el segundo cuatrimestre si la situaci\u00f3n sanitaria as\u00ed lo determina\u201d.<\/p>\n\n\n\n<p>Quienes deseen disfrutar de esta propuesta, pueden hacerlo ingresando en&nbsp;<a href=\"http:\/\/berazategui.gob.ar\/cultura\/plataformaeducativa\" target=\"_blank\" rel=\"noreferrer noopener\">berazategui.gob.ar\/cultura\/plataformaeducativa<\/a>. All\u00ed, deber\u00e1n generar un usuario y contrase\u00f1a, siguiendo los pasos que indica el sistema. En el caso de tener inconvenientes a la hora de registrarse, tambi\u00e9n pueden acceder a un did\u00e1ctico tutorial disponible en las redes sociales de la Secretar\u00eda de Cultura y Educaci\u00f3n municipal (@CulturaBe).<\/p>\n","protected":false},"excerpt":{"rendered":"<p>La Plataforma Web de contenidos educativos que la Municipalidad de Berazategui lanz\u00f3 durante el Aislamiento&#8230;<\/p>\n","protected":false},"author":1,"featured_media":59656,"comment_status":"open","ping_status":"open","sticky":false,"template":"","format":"standard","meta":{"footnotes":""},"categories":[27],"tags":[],"class_list":["post-5367","post","type-post","status-publish","format-standard","has-post-thumbnail","hentry","category-educacion"],"_links":{"self":[{"href":"https:\/\/conurbanodiario.com.ar\/index.php?rest_route=\/wp\/v2\/posts\/5367","targetHints":{"allow":["GET"]}}],"collection":[{"href":"https:\/\/conurbanodiario.com.ar\/index.php?rest_route=\/wp\/v2\/posts"}],"about":[{"href":"https:\/\/conurbanodiario.com.ar\/index.php?rest_route=\/wp\/v2\/types\/post"}],"author":[{"embeddable":true,"href":"https:\/\/conurbanodiario.com.ar\/index.php?rest_route=\/wp\/v2\/users\/1"}],"replies":[{"embeddable":true,"href":"https:\/\/conurbanodiario.com.ar\/index.php?rest_route=%2Fwp%2Fv2%2Fcomments&post=5367"}],"version-history":[{"count":1,"href":"https:\/\/conurbanodiario.com.ar\/index.php?rest_route=\/wp\/v2\/posts\/5367\/revisions"}],"predecessor-version":[{"id":5369,"href":"https:\/\/conurbanodiario.com.ar\/index.php?rest_route=\/wp\/v2\/posts\/5367\/revisions\/5369"}],"wp:featuredmedia":[{"embeddable":true,"href":"https:\/\/conurbanodiario.com.ar\/index.php?rest_route=\/wp\/v2\/media\/59656"}],"wp:attachment":[{"href":"https:\/\/conurbanodiario.com.ar\/index.php?rest_route=%2Fwp%2Fv2%2Fmedia&parent=5367"}],"wp:term":[{"taxonomy":"category","embeddable":true,"href":"https:\/\/conurbanodiario.com.ar\/index.php?rest_route=%2Fwp%2Fv2%2Fcategories&post=5367"},{"taxonomy":"post_tag","embeddable":true,"href":"https:\/\/conurbanodiario.com.ar\/index.php?rest_route=%2Fwp%2Fv2%2Ftags&post=5367"}],"curies":[{"name":"wp","href":"https:\/\/api.w.org\/{rel}","templated":true}]}}