{"id":5364,"date":"2020-06-26T14:22:08","date_gmt":"2020-06-26T17:22:08","guid":{"rendered":"http:\/\/conurbanodiario.com.ar\/?p=5364"},"modified":"2020-06-30T04:04:34","modified_gmt":"2020-06-30T07:04:34","slug":"la-municipalidad-de-avellaneda-suma-equipamiento-mediante-el-programa-provincia-leasing","status":"publish","type":"post","link":"https:\/\/conurbanodiario.com.ar\/?p=5364","title":{"rendered":"LA MUNICIPALIDAD DE AVELLANEDA SUMA EQUIPAMIENTO MEDIANTE EL PROGRAMA PROVINCIA LEASING"},"content":{"rendered":"\n<p>El intendente Ferraresi suscribi\u00f3 los convenios que le permitir\u00e1n al municipio adquirir equipamiento urbano y de mantenimiento.<\/p>\n\n\n\n<p>El monto es de m\u00e1s de $ 45.000.000 y ser\u00e1 utilizado para la compra de camiones, camionetas, veh\u00edculos, equipos compactadores, m\u00e1quinas barredoras, equipamiento rodante y contenedores viales, que se sumar\u00e1n a la flota de servicios con que ya cuenta la Comuna.<\/p>\n\n\n\n<p>Esta&nbsp;l\u00ednea de cr\u00e9dito fue lanzada por el gobernador Kicillof hace algunas semanas y tiene un doble prop\u00f3sito: facilitar la compra de equipamiento a los municipios y reactivar las ventas de dichos bienes.<\/p>\n\n\n\n<p>En la firma de los convenios estuvo el escribano Sebasti\u00e1n Vinagre, representando a Provincia Leasing.<\/p>\n","protected":false},"excerpt":{"rendered":"<p>El intendente Ferraresi suscribi\u00f3 los convenios que le permitir\u00e1n al municipio adquirir equipamiento urbano y&#8230;<\/p>\n","protected":false},"author":1,"featured_media":59656,"comment_status":"open","ping_status":"open","sticky":false,"template":"","format":"standard","meta":{"footnotes":""},"categories":[3],"tags":[],"class_list":["post-5364","post","type-post","status-publish","format-standard","has-post-thumbnail","hentry","category-informacion-general"],"_links":{"self":[{"href":"https:\/\/conurbanodiario.com.ar\/index.php?rest_route=\/wp\/v2\/posts\/5364","targetHints":{"allow":["GET"]}}],"collection":[{"href":"https:\/\/conurbanodiario.com.ar\/index.php?rest_route=\/wp\/v2\/posts"}],"about":[{"href":"https:\/\/conurbanodiario.com.ar\/index.php?rest_route=\/wp\/v2\/types\/post"}],"author":[{"embeddable":true,"href":"https:\/\/conurbanodiario.com.ar\/index.php?rest_route=\/wp\/v2\/users\/1"}],"replies":[{"embeddable":true,"href":"https:\/\/conurbanodiario.com.ar\/index.php?rest_route=%2Fwp%2Fv2%2Fcomments&post=5364"}],"version-history":[{"count":1,"href":"https:\/\/conurbanodiario.com.ar\/index.php?rest_route=\/wp\/v2\/posts\/5364\/revisions"}],"predecessor-version":[{"id":5366,"href":"https:\/\/conurbanodiario.com.ar\/index.php?rest_route=\/wp\/v2\/posts\/5364\/revisions\/5366"}],"wp:featuredmedia":[{"embeddable":true,"href":"https:\/\/conurbanodiario.com.ar\/index.php?rest_route=\/wp\/v2\/media\/59656"}],"wp:attachment":[{"href":"https:\/\/conurbanodiario.com.ar\/index.php?rest_route=%2Fwp%2Fv2%2Fmedia&parent=5364"}],"wp:term":[{"taxonomy":"category","embeddable":true,"href":"https:\/\/conurbanodiario.com.ar\/index.php?rest_route=%2Fwp%2Fv2%2Fcategories&post=5364"},{"taxonomy":"post_tag","embeddable":true,"href":"https:\/\/conurbanodiario.com.ar\/index.php?rest_route=%2Fwp%2Fv2%2Ftags&post=5364"}],"curies":[{"name":"wp","href":"https:\/\/api.w.org\/{rel}","templated":true}]}}