{"id":5358,"date":"2020-06-26T13:58:14","date_gmt":"2020-06-26T16:58:14","guid":{"rendered":"http:\/\/conurbanodiario.com.ar\/?p=5358"},"modified":"2020-06-26T13:58:15","modified_gmt":"2020-06-26T16:58:15","slug":"cuidados-frente-al-covid-19-en-la-municipalidad-de-berazategui","status":"publish","type":"post","link":"https:\/\/conurbanodiario.com.ar\/?p=5358","title":{"rendered":"CUIDADOS FRENTE AL COVID-19 EN LA MUNICIPALIDAD DE BERAZATEGUI"},"content":{"rendered":"\n<p>A partir de los protocolos elaborados por el Gobierno Nacional, el Municipio de Berazategui se encuentra aplicando esas medidas dentro de su Edificio municipal. Adem\u00e1s, invita a los vecinos a seguir las recomendaciones y cuidados en sus hogares y al salir, en los casos en que formen parte de los grupos que elaboran tareas esenciales.<\/p>\n\n\n\n<p>En este marco, el licenciado en Seguridad e Higiene, integrante de la Secretar\u00eda de Salud P\u00fablica e Higiene, Franco Alvarez, se\u00f1al\u00f3: \u201cDebido a una resoluci\u00f3n que emiti\u00f3 el Ministerio de Trabajo de la Naci\u00f3n, que obliga a todos los establecimientos a armar un plan de contingencia de actuaci\u00f3n ante el coronavirus, implementamos protocolos en la Municipalidad\u201d.<\/p>\n\n\n\n<p>Seguidamente, ampli\u00f3: \u201cLas recomendaciones b\u00e1sicas son: limpiar las superficies antes y despu\u00e9s de cada jornada laboral, mantener el distanciamiento social de 1 metro y medio entre compa\u00f1eros, evitar circular por puestos de trabajo que no correspondan a las tareas asignadas y evitar compartir utensilios u objetos de contacto directo (mate, cuchillo, lapiceras, etc.)\u201d. Y a\u00f1adi\u00f3: \u201cTambi\u00e9n hacemos hincapi\u00e9 en cuestiones que tal vez no se tienen tan en cuenta, como el uso de accesorios personales, donde el virus se siente protegido en las capas internas de, por ejemplo, anillos, pulseras o relojes; ya que estos contienen humedad y no hay exposici\u00f3n al sol. Lo mismo con el vello facial, hay que tener la menor cantidad posible; y en el caso del cabello largo, llevarlo atado\u201d.<\/p>\n\n\n\n<p>El Licenciado tambi\u00e9n resalt\u00f3 que los consejos mencionados son aplicables a la vida cotidiana de los vecinos, especialmente ante la necesidad de tener que trasladarse en transporte p\u00fablico. \u201cAl viajar en colectivo hay que hacerlo con un tapaboca puesto, no hay que sentarse cerca del ch\u00f3fer, es necesario dejar un asiento libre entre pasajero y pasajero para respetar el distanciamiento social, y antes y despu\u00e9s del desplazamiento hay que higienizarse las manos con alcohol en gel y en cuanto sea posible lavarlas con agua y jab\u00f3n durante al menos 60 segundos, ya que el alcohol en gel no llega a eliminar todos los g\u00e9rmenes\u201d, especific\u00f3 Alvarez, quien adem\u00e1s agreg\u00f3: \u201cEn el caso de usar veh\u00edculo personal, debe mantenerse ventilado y limpias las superficies manipulables, como volantes de autos o manubrios y asientos de bicicletas y motos\u201d.<\/p>\n\n\n\n<p>Por \u00faltimo, subray\u00f3 que \u201chay que planificar la rutina diaria para salir del hogar lo menos posible. Las compras de primera necesidad deben ser breves. Y al tener que sacar a una mascota, que sea para que haga sus necesidades fisiol\u00f3gicas; y al volver, higienizar sus patas y hocico con agua y jab\u00f3n, no usar alcohol ni lavandina\u201d.<\/p>\n","protected":false},"excerpt":{"rendered":"<p>A partir de los protocolos elaborados por el Gobierno Nacional, el Municipio de Berazategui se&#8230;<\/p>\n","protected":false},"author":1,"featured_media":59656,"comment_status":"open","ping_status":"open","sticky":false,"template":"","format":"standard","meta":{"footnotes":""},"categories":[31],"tags":[],"class_list":["post-5358","post","type-post","status-publish","format-standard","has-post-thumbnail","hentry","category-salud"],"_links":{"self":[{"href":"https:\/\/conurbanodiario.com.ar\/index.php?rest_route=\/wp\/v2\/posts\/5358","targetHints":{"allow":["GET"]}}],"collection":[{"href":"https:\/\/conurbanodiario.com.ar\/index.php?rest_route=\/wp\/v2\/posts"}],"about":[{"href":"https:\/\/conurbanodiario.com.ar\/index.php?rest_route=\/wp\/v2\/types\/post"}],"author":[{"embeddable":true,"href":"https:\/\/conurbanodiario.com.ar\/index.php?rest_route=\/wp\/v2\/users\/1"}],"replies":[{"embeddable":true,"href":"https:\/\/conurbanodiario.com.ar\/index.php?rest_route=%2Fwp%2Fv2%2Fcomments&post=5358"}],"version-history":[{"count":1,"href":"https:\/\/conurbanodiario.com.ar\/index.php?rest_route=\/wp\/v2\/posts\/5358\/revisions"}],"predecessor-version":[{"id":5360,"href":"https:\/\/conurbanodiario.com.ar\/index.php?rest_route=\/wp\/v2\/posts\/5358\/revisions\/5360"}],"wp:featuredmedia":[{"embeddable":true,"href":"https:\/\/conurbanodiario.com.ar\/index.php?rest_route=\/wp\/v2\/media\/59656"}],"wp:attachment":[{"href":"https:\/\/conurbanodiario.com.ar\/index.php?rest_route=%2Fwp%2Fv2%2Fmedia&parent=5358"}],"wp:term":[{"taxonomy":"category","embeddable":true,"href":"https:\/\/conurbanodiario.com.ar\/index.php?rest_route=%2Fwp%2Fv2%2Fcategories&post=5358"},{"taxonomy":"post_tag","embeddable":true,"href":"https:\/\/conurbanodiario.com.ar\/index.php?rest_route=%2Fwp%2Fv2%2Ftags&post=5358"}],"curies":[{"name":"wp","href":"https:\/\/api.w.org\/{rel}","templated":true}]}}