{"id":5355,"date":"2020-06-26T13:26:12","date_gmt":"2020-06-26T16:26:12","guid":{"rendered":"http:\/\/conurbanodiario.com.ar\/?p=5355"},"modified":"2020-06-26T13:26:12","modified_gmt":"2020-06-26T16:26:12","slug":"capturan-a-delincuente-que-se-dedicaba-a-robar-motos","status":"publish","type":"post","link":"https:\/\/conurbanodiario.com.ar\/?p=5355","title":{"rendered":"CAPTURAN A DELINCUENTE QUE SE DEDICABA A ROBAR MOTOS"},"content":{"rendered":"\n<p>La Estaci\u00f3n de Polic\u00eda de Quilmes, en coordinaci\u00f3n con la Secretar\u00eda de Seguridad y Ordenamiento Urbano municipal, en horas de la noche de ayer, llev\u00f3 adelante un allanamiento en el cual se logr\u00f3 capturar a un joven que se dedicaba a robar motos y amedrentar a sus v\u00edctimas apunt\u00e1ndolas con un arma ilegal de fuego.<\/p>\n\n\n\n<p>El allanamiento hab\u00eda sido ordenado por el fiscal de turno Dr. Jorge Saizar, titular de la Fiscal\u00eda N\u00ba 5 del Departamento &nbsp;Judicial de Quilmes, en base a un hecho ocurrido el pasado martes 16 de junio, cuando un hombre que circulaba en su motocicleta Zanella ZB-150 de color negra, fue sorprendido por un delincuente que apunt\u00e1ndolo con un arma de fuego, le quit\u00f3 la moto para luego fugarse con ella.<\/p>\n\n\n\n<p>En base a este episodio, el personal del Gabinete T\u00e9cnico Operativo (GTO) de la seccional Quilmes 5\u00aa (La Ca\u00f1ada), se aboc\u00f3 a realizar tareas investigativas a los fines de recuperar la moto y captura al dicho malviviente. Luego de d\u00edas de realizar investigaciones sobre el paradero de dicho malviviente, se puso en conocimiento a la Fiscal\u00eda, que dispuso actuaciones de rigor y orden\u00f3 allanamientos en dos viviendas ubicadas en la calle Calle 167 entre Liniers y Boedo, y en otro domicilio de la calle Pomar sin n\u00famero entre Boedo y Liniers, ambas del barrio La Ca\u00f1ada, en Bernal Oeste, a los fines de dar con el imputado del presente hecho.<\/p>\n\n\n\n<p>De esta manera, se realizaron los allanamientos con personal del GTO de la seccional 5\u00aa, con la colaboraci\u00f3n del Grupo GAD, de Infanter\u00eda y efectivos de otras comisar\u00edas de Quilmes. As\u00ed se pudo capturar al delincuente, secuestr\u00e1ndole en su poder una motocicleta, sin cachas, con numeraciones de motor y cuadro suprimidas. Atento a este resultado, el fiscal orden\u00f3 su aprehensi\u00f3n inmediata bajo la car\u00e1tula de robo agravado por el empleo de arma de fuego y se remiti\u00f3 lo actuado en horas de la ma\u00f1ana de hoy a dicha Fiscal\u00eda.<\/p>\n","protected":false},"excerpt":{"rendered":"<p>La Estaci\u00f3n de Polic\u00eda de Quilmes, en coordinaci\u00f3n con la Secretar\u00eda de Seguridad y Ordenamiento&#8230;<\/p>\n","protected":false},"author":1,"featured_media":59656,"comment_status":"open","ping_status":"open","sticky":false,"template":"","format":"standard","meta":{"footnotes":""},"categories":[10],"tags":[],"class_list":["post-5355","post","type-post","status-publish","format-standard","has-post-thumbnail","hentry","category-seguridad"],"_links":{"self":[{"href":"https:\/\/conurbanodiario.com.ar\/index.php?rest_route=\/wp\/v2\/posts\/5355","targetHints":{"allow":["GET"]}}],"collection":[{"href":"https:\/\/conurbanodiario.com.ar\/index.php?rest_route=\/wp\/v2\/posts"}],"about":[{"href":"https:\/\/conurbanodiario.com.ar\/index.php?rest_route=\/wp\/v2\/types\/post"}],"author":[{"embeddable":true,"href":"https:\/\/conurbanodiario.com.ar\/index.php?rest_route=\/wp\/v2\/users\/1"}],"replies":[{"embeddable":true,"href":"https:\/\/conurbanodiario.com.ar\/index.php?rest_route=%2Fwp%2Fv2%2Fcomments&post=5355"}],"version-history":[{"count":1,"href":"https:\/\/conurbanodiario.com.ar\/index.php?rest_route=\/wp\/v2\/posts\/5355\/revisions"}],"predecessor-version":[{"id":5357,"href":"https:\/\/conurbanodiario.com.ar\/index.php?rest_route=\/wp\/v2\/posts\/5355\/revisions\/5357"}],"wp:featuredmedia":[{"embeddable":true,"href":"https:\/\/conurbanodiario.com.ar\/index.php?rest_route=\/wp\/v2\/media\/59656"}],"wp:attachment":[{"href":"https:\/\/conurbanodiario.com.ar\/index.php?rest_route=%2Fwp%2Fv2%2Fmedia&parent=5355"}],"wp:term":[{"taxonomy":"category","embeddable":true,"href":"https:\/\/conurbanodiario.com.ar\/index.php?rest_route=%2Fwp%2Fv2%2Fcategories&post=5355"},{"taxonomy":"post_tag","embeddable":true,"href":"https:\/\/conurbanodiario.com.ar\/index.php?rest_route=%2Fwp%2Fv2%2Ftags&post=5355"}],"curies":[{"name":"wp","href":"https:\/\/api.w.org\/{rel}","templated":true}]}}