{"id":5340,"date":"2020-06-26T10:42:02","date_gmt":"2020-06-26T13:42:02","guid":{"rendered":"http:\/\/conurbanodiario.com.ar\/?p=5340"},"modified":"2020-06-26T10:42:02","modified_gmt":"2020-06-26T13:42:02","slug":"reemplazaran-los-puentes-de-camino-general-belgrano-sobre-los-arroyos-san-francisco-y-las-piedras","status":"publish","type":"post","link":"https:\/\/conurbanodiario.com.ar\/?p=5340","title":{"rendered":"REEMPLAZAR\u00c1N LOS PUENTES DE CAMINO GENERAL BELGRANO SOBRE LOS ARROYOS SAN FRANCISCO Y LAS PIEDRAS"},"content":{"rendered":"\n<p>La intendenta de Quilmes, Mayra Mendoza, firm\u00f3 un convenio con el ministro de Infraestructura y Servicios P\u00fablicos de la provincia de Buenos Aires, Agust\u00edn Simone, para llevar adelante el reemplazo de los puentes existentes en Camino General Belgrano (Ruta Provincial N\u00b0 14) sobre los arroyos San Francisco y Las Piedras.<\/p>\n\n\n\n<p>\u201cFirmamos un convenio con el Ministro de Infraestructura para la construcci\u00f3n de dos puentes sobre Camino General Belgrano y el Arroyo San Francisco y el Arroyo Las Piedras. Est\u00e1s obras contemplan puente vehicular y peatonal. Esto mejorar\u00e1 la calidad de vida de nuestros vecinos y garantizar\u00e1 que puedan circular de manera segura\u201d, afirm\u00f3 la Jefa comunal.<\/p>\n\n\n\n<p>\u201cEste trabajo que vamos a concretar junto al Gobierno Provincial permitir\u00e1 mejorar la circulaci\u00f3n de los peatones y veh\u00edculos que transitan diariamente por esta zona. Es nuestra obligaci\u00f3n garantizar que los vecinos y vecinas transiten por espacios en mejores condiciones\u201d explic\u00f3 Mayra Mendoza tras la firma del convenio.<\/p>\n\n\n\n<p>En ese sentido, el ministro Simone remarc\u00f3: \u201cEstamos contentos de dar inicio a esta obra. El Gobernador Kicillof nos encomend\u00f3 avanzar con nuevos trabajos y esperemos que haya muchos m\u00e1s\u201d.<\/p>\n\n\n\n<p>Esta es una licitaci\u00f3n que hace la Direcci\u00f3n de Vialidad Provincial. Se van a levantar los dos puentes sobre los arroyos, que se har\u00e1n de nuevo y m\u00e1s anchos. Hoy se firm\u00f3 la adjudicaci\u00f3n de la obra para darle comienzo a la brevedad. Esta obra contempla tanto el puente vehicular como un puente peatonal con una protecci\u00f3n de hormig\u00f3n, adem\u00e1s de trabajos de carpeta asf\u00e1ltica en los ingresos al puente.<\/p>\n","protected":false},"excerpt":{"rendered":"<p>La intendenta de Quilmes, Mayra Mendoza, firm\u00f3 un convenio con el ministro de Infraestructura y&#8230;<\/p>\n","protected":false},"author":1,"featured_media":59656,"comment_status":"open","ping_status":"open","sticky":false,"template":"","format":"standard","meta":{"footnotes":""},"categories":[3],"tags":[],"class_list":["post-5340","post","type-post","status-publish","format-standard","has-post-thumbnail","hentry","category-informacion-general"],"_links":{"self":[{"href":"https:\/\/conurbanodiario.com.ar\/index.php?rest_route=\/wp\/v2\/posts\/5340","targetHints":{"allow":["GET"]}}],"collection":[{"href":"https:\/\/conurbanodiario.com.ar\/index.php?rest_route=\/wp\/v2\/posts"}],"about":[{"href":"https:\/\/conurbanodiario.com.ar\/index.php?rest_route=\/wp\/v2\/types\/post"}],"author":[{"embeddable":true,"href":"https:\/\/conurbanodiario.com.ar\/index.php?rest_route=\/wp\/v2\/users\/1"}],"replies":[{"embeddable":true,"href":"https:\/\/conurbanodiario.com.ar\/index.php?rest_route=%2Fwp%2Fv2%2Fcomments&post=5340"}],"version-history":[{"count":1,"href":"https:\/\/conurbanodiario.com.ar\/index.php?rest_route=\/wp\/v2\/posts\/5340\/revisions"}],"predecessor-version":[{"id":5342,"href":"https:\/\/conurbanodiario.com.ar\/index.php?rest_route=\/wp\/v2\/posts\/5340\/revisions\/5342"}],"wp:featuredmedia":[{"embeddable":true,"href":"https:\/\/conurbanodiario.com.ar\/index.php?rest_route=\/wp\/v2\/media\/59656"}],"wp:attachment":[{"href":"https:\/\/conurbanodiario.com.ar\/index.php?rest_route=%2Fwp%2Fv2%2Fmedia&parent=5340"}],"wp:term":[{"taxonomy":"category","embeddable":true,"href":"https:\/\/conurbanodiario.com.ar\/index.php?rest_route=%2Fwp%2Fv2%2Fcategories&post=5340"},{"taxonomy":"post_tag","embeddable":true,"href":"https:\/\/conurbanodiario.com.ar\/index.php?rest_route=%2Fwp%2Fv2%2Ftags&post=5340"}],"curies":[{"name":"wp","href":"https:\/\/api.w.org\/{rel}","templated":true}]}}