{"id":5337,"date":"2020-06-26T02:59:00","date_gmt":"2020-06-26T05:59:00","guid":{"rendered":"http:\/\/conurbanodiario.com.ar\/?p=5337"},"modified":"2020-06-26T10:29:53","modified_gmt":"2020-06-26T13:29:53","slug":"varela-saneamiento-hidraulico-y-reparacion-de-luminarias","status":"publish","type":"post","link":"https:\/\/conurbanodiario.com.ar\/?p=5337","title":{"rendered":"VARELA: SANEAMIENTO HIDR\u00c1ULICO Y REPARACI\u00d3N DE LUMINARIAS"},"content":{"rendered":"\n<p>Las cuadrillas municipales estuvieron abocadas a diversas intervenciones de optimizaci\u00f3n del sistema pluvial del distrito. Adem\u00e1s, se repararon artefactos lum\u00ednicos en distintos barrios varelenses.<\/p>\n\n\n\n<p>Labores de saneamiento hidr\u00e1ulico tuvieron lugar en la Carolina \u2013sobre Diagonal Los Quilmes entre 1112 y 1114- y en La Carolina 8 \u2013sobre la calle 1671 entre 1636 y 1640.<\/p>\n\n\n\n<p>Asimismo, se efectu\u00f3 la limpieza de sumideros en Don Orione \u2013sobre Monserrat y Kartun- y en barrio Centro sobre EEUU y Rivadavia.<\/p>\n\n\n\n<p>En tanto, se llevaron a cabo labores de reparaci\u00f3n de luminarias en Gobernador Monteverde, La Esmeralda, La Sirena, L\u00f3pez Romero, Martin Fierro, Presidente Sarmiento, Santo Tom\u00e1s, Villa Ang\u00e9lica, Villa Arias, Villa Del Plata, Zeballos, Zeballos Centro, 9 De Julio, Centro, Lomas De Monteverde, Bosques Norte, Presidente Avellaneda, Presidente Per\u00f3n, Ricardo Rojas, San Rudecindo, Santa Ana, Villa Hudson, Infico, Villa Aurora y Villa M\u00f3nica.<\/p>\n\n\n\n<p>Por \u00faltimo, se efectuaron tareas de limpieza en la plaza San Juan Bautista.<\/p>\n","protected":false},"excerpt":{"rendered":"<p>Las cuadrillas municipales estuvieron abocadas a diversas intervenciones de optimizaci\u00f3n del sistema pluvial del distrito&#8230;.<\/p>\n","protected":false},"author":1,"featured_media":59656,"comment_status":"open","ping_status":"open","sticky":false,"template":"","format":"standard","meta":{"footnotes":""},"categories":[3],"tags":[],"class_list":["post-5337","post","type-post","status-publish","format-standard","has-post-thumbnail","hentry","category-informacion-general"],"_links":{"self":[{"href":"https:\/\/conurbanodiario.com.ar\/index.php?rest_route=\/wp\/v2\/posts\/5337","targetHints":{"allow":["GET"]}}],"collection":[{"href":"https:\/\/conurbanodiario.com.ar\/index.php?rest_route=\/wp\/v2\/posts"}],"about":[{"href":"https:\/\/conurbanodiario.com.ar\/index.php?rest_route=\/wp\/v2\/types\/post"}],"author":[{"embeddable":true,"href":"https:\/\/conurbanodiario.com.ar\/index.php?rest_route=\/wp\/v2\/users\/1"}],"replies":[{"embeddable":true,"href":"https:\/\/conurbanodiario.com.ar\/index.php?rest_route=%2Fwp%2Fv2%2Fcomments&post=5337"}],"version-history":[{"count":1,"href":"https:\/\/conurbanodiario.com.ar\/index.php?rest_route=\/wp\/v2\/posts\/5337\/revisions"}],"predecessor-version":[{"id":5339,"href":"https:\/\/conurbanodiario.com.ar\/index.php?rest_route=\/wp\/v2\/posts\/5337\/revisions\/5339"}],"wp:featuredmedia":[{"embeddable":true,"href":"https:\/\/conurbanodiario.com.ar\/index.php?rest_route=\/wp\/v2\/media\/59656"}],"wp:attachment":[{"href":"https:\/\/conurbanodiario.com.ar\/index.php?rest_route=%2Fwp%2Fv2%2Fmedia&parent=5337"}],"wp:term":[{"taxonomy":"category","embeddable":true,"href":"https:\/\/conurbanodiario.com.ar\/index.php?rest_route=%2Fwp%2Fv2%2Fcategories&post=5337"},{"taxonomy":"post_tag","embeddable":true,"href":"https:\/\/conurbanodiario.com.ar\/index.php?rest_route=%2Fwp%2Fv2%2Ftags&post=5337"}],"curies":[{"name":"wp","href":"https:\/\/api.w.org\/{rel}","templated":true}]}}