{"id":5331,"date":"2020-06-26T03:08:00","date_gmt":"2020-06-26T06:08:00","guid":{"rendered":"http:\/\/conurbanodiario.com.ar\/?p=5331"},"modified":"2020-06-26T10:18:50","modified_gmt":"2020-06-26T13:18:50","slug":"nueva-autobomba-para-el-cuartel-de-bomberos-voluntarios","status":"publish","type":"post","link":"https:\/\/conurbanodiario.com.ar\/?p=5331","title":{"rendered":"NUEVA AUTOBOMBA PARA EL CUARTEL DE BOMBEROS VOLUNTARIOS"},"content":{"rendered":"\n<p>El cuerpo de Bomberos Voluntarios de Florencio Varela cuenta entre su flota con una nueva unidad proveniente de Inglaterra. El intendente \u2013Andr\u00e9s Watson felicit\u00f3 a la instituci\u00f3n por la adquisici\u00f3n que permitir\u00e1 fortalecer el servicio que brindan a la comunidad.<\/p>\n\n\n\n<p>El cami\u00f3n marca Scania 260, lleg\u00f3 a Varela desde el distrito de Las Heras donde se le hicieron algunos arreglos y se lo dej\u00f3 en \u00f3ptimas condiciones.<\/p>\n\n\n\n<p>Entre sus principales caracter\u00edsticas se destacan sus 2.000 litros de capacidad, 2 escaleras y 2 devanadores.<\/p>\n","protected":false},"excerpt":{"rendered":"<p>El cuerpo de Bomberos Voluntarios de Florencio Varela cuenta entre su flota con una nueva&#8230;<\/p>\n","protected":false},"author":1,"featured_media":59656,"comment_status":"open","ping_status":"open","sticky":false,"template":"","format":"standard","meta":{"footnotes":""},"categories":[3],"tags":[],"class_list":["post-5331","post","type-post","status-publish","format-standard","has-post-thumbnail","hentry","category-informacion-general"],"_links":{"self":[{"href":"https:\/\/conurbanodiario.com.ar\/index.php?rest_route=\/wp\/v2\/posts\/5331","targetHints":{"allow":["GET"]}}],"collection":[{"href":"https:\/\/conurbanodiario.com.ar\/index.php?rest_route=\/wp\/v2\/posts"}],"about":[{"href":"https:\/\/conurbanodiario.com.ar\/index.php?rest_route=\/wp\/v2\/types\/post"}],"author":[{"embeddable":true,"href":"https:\/\/conurbanodiario.com.ar\/index.php?rest_route=\/wp\/v2\/users\/1"}],"replies":[{"embeddable":true,"href":"https:\/\/conurbanodiario.com.ar\/index.php?rest_route=%2Fwp%2Fv2%2Fcomments&post=5331"}],"version-history":[{"count":1,"href":"https:\/\/conurbanodiario.com.ar\/index.php?rest_route=\/wp\/v2\/posts\/5331\/revisions"}],"predecessor-version":[{"id":5333,"href":"https:\/\/conurbanodiario.com.ar\/index.php?rest_route=\/wp\/v2\/posts\/5331\/revisions\/5333"}],"wp:featuredmedia":[{"embeddable":true,"href":"https:\/\/conurbanodiario.com.ar\/index.php?rest_route=\/wp\/v2\/media\/59656"}],"wp:attachment":[{"href":"https:\/\/conurbanodiario.com.ar\/index.php?rest_route=%2Fwp%2Fv2%2Fmedia&parent=5331"}],"wp:term":[{"taxonomy":"category","embeddable":true,"href":"https:\/\/conurbanodiario.com.ar\/index.php?rest_route=%2Fwp%2Fv2%2Fcategories&post=5331"},{"taxonomy":"post_tag","embeddable":true,"href":"https:\/\/conurbanodiario.com.ar\/index.php?rest_route=%2Fwp%2Fv2%2Ftags&post=5331"}],"curies":[{"name":"wp","href":"https:\/\/api.w.org\/{rel}","templated":true}]}}