{"id":5328,"date":"2020-06-26T10:10:23","date_gmt":"2020-06-26T13:10:23","guid":{"rendered":"http:\/\/conurbanodiario.com.ar\/?p=5328"},"modified":"2020-06-26T10:10:24","modified_gmt":"2020-06-26T13:10:24","slug":"logran-capturar-al-delincuente-que-ataco-a-matias-zaninetti-para-robarle-la-bicicleta-en-bernal","status":"publish","type":"post","link":"https:\/\/conurbanodiario.com.ar\/?p=5328","title":{"rendered":"LOGRAN CAPTURAR AL DELINCUENTE QUE ATAC\u00d3 A MAT\u00cdAS ZANINETTI PARA ROBARLE LA BICICLETA EN BERNAL"},"content":{"rendered":"\n<p>La Estaci\u00f3n de Polic\u00eda de Quilmes, en coordinaci\u00f3n con la Secretar\u00eda de Seguridad y Ordenamiento Urbano municipal, en horas de la noche del mi\u00e9rcoles, llev\u00f3 adelante un allanamiento y logr\u00f3 capturar al delincuente que atac\u00f3 a Mat\u00edas Zaninetti para robarle la bicicleta en cercan\u00edas de la plaza Suiza, en Bernal.<\/p>\n\n\n\n<p>El hecho hab\u00eda ocurrido el pasado martes 23, en horas de la ma\u00f1ana, cuando la v\u00edctima circulaba en su bicicleta por el Barrio Parque Bernal. El delincuente lo sorprendi\u00f3 en las calles Jos\u00e9 L\u00f3pez y Uriburu, arroj\u00e1ndole un ladrillo en la cara, que le provoc\u00f3 una contusi\u00f3n que hizo que pierda la estabilidad y cayera al piso.<\/p>\n\n\n\n<p>Un testigo de la escena ayud\u00f3 a Mat\u00edas, logrando que el malviviente se fugue sin lograr su cometido.<\/p>\n\n\n\n<p>Es por esto que gracias a la pronta respuesta del llamado a la Polic\u00eda, r\u00e1pidamente arribaron al lugar, solicitando la presencia de SAME, para luego trasladar de urgencia a Zaninetti al Hospital Iriarte de Quilmes.<\/p>\n\n\n\n<p>En base a este episodio el personal del Gabinete T\u00e9cnico Operativo (GTO) de la seccional Quilmes 8a, se aboc\u00f3 a realizar tareas investigativas, y por declaraciones de testigos presenciales que vieron, lo que hab\u00eda sucedido y c\u00f3mo ser\u00edan las caracter\u00edsticas de este sujeto, y por relatos de otras v\u00edctimas de dicho atacante, se dedic\u00f3 a la tarea de la b\u00fasqueda y posterior captura de dicho malviviente.<\/p>\n\n\n\n<p>Se puso en conocimiento del hecho a la doctora Ximena Santoro, titular de la UFI N\u00b0 3 del Departamento Judicial de Quilmes, quien dispuso actuaciones de rigor y orden\u00f3 allanamientos en dos viviendas sitas en la calle Colectora de la Autopista Buenos Aires La Plata y su intersecci\u00f3n con la calle Pueyrred\u00f3n, de Bernal Este; a los fines de dar con el imputado del presente de hecho.<\/p>\n\n\n\n<p>De esta manera, se puso en marcha el allanamiento al domicilio asignado, por lo que el titular de la seccional 8a de Quilmes con su personal de GTO, y la colaboraci\u00f3n del Grupo GAD, de Infanter\u00eda y de la Polic\u00eda Local Quilmes, pudieron capturar al agresor de Mat\u00edas, secuestr\u00e1ndole en su poder un arma del tipo rev\u00f3lver con cinco municiones, y las prendas que utilizaba para pasar desapercibido, las cuales le habr\u00eda robado a otras de sus v\u00edctimas y as\u00ed poder cometer los delitos.<\/p>\n\n\n\n<p>Atento a este resultado, la Fiscal\u00eda orden\u00f3 su aprehensi\u00f3n inmediata bajo la car\u00e1tula robo agravado por lesiones graves y se remita el armamento secuestrado al asiento de la Fiscal\u00eda.<\/p>\n","protected":false},"excerpt":{"rendered":"<p>La Estaci\u00f3n de Polic\u00eda de Quilmes, en coordinaci\u00f3n con la Secretar\u00eda de Seguridad y Ordenamiento&#8230;<\/p>\n","protected":false},"author":1,"featured_media":59656,"comment_status":"open","ping_status":"open","sticky":false,"template":"","format":"standard","meta":{"footnotes":""},"categories":[10],"tags":[],"class_list":["post-5328","post","type-post","status-publish","format-standard","has-post-thumbnail","hentry","category-seguridad"],"_links":{"self":[{"href":"https:\/\/conurbanodiario.com.ar\/index.php?rest_route=\/wp\/v2\/posts\/5328","targetHints":{"allow":["GET"]}}],"collection":[{"href":"https:\/\/conurbanodiario.com.ar\/index.php?rest_route=\/wp\/v2\/posts"}],"about":[{"href":"https:\/\/conurbanodiario.com.ar\/index.php?rest_route=\/wp\/v2\/types\/post"}],"author":[{"embeddable":true,"href":"https:\/\/conurbanodiario.com.ar\/index.php?rest_route=\/wp\/v2\/users\/1"}],"replies":[{"embeddable":true,"href":"https:\/\/conurbanodiario.com.ar\/index.php?rest_route=%2Fwp%2Fv2%2Fcomments&post=5328"}],"version-history":[{"count":1,"href":"https:\/\/conurbanodiario.com.ar\/index.php?rest_route=\/wp\/v2\/posts\/5328\/revisions"}],"predecessor-version":[{"id":5330,"href":"https:\/\/conurbanodiario.com.ar\/index.php?rest_route=\/wp\/v2\/posts\/5328\/revisions\/5330"}],"wp:featuredmedia":[{"embeddable":true,"href":"https:\/\/conurbanodiario.com.ar\/index.php?rest_route=\/wp\/v2\/media\/59656"}],"wp:attachment":[{"href":"https:\/\/conurbanodiario.com.ar\/index.php?rest_route=%2Fwp%2Fv2%2Fmedia&parent=5328"}],"wp:term":[{"taxonomy":"category","embeddable":true,"href":"https:\/\/conurbanodiario.com.ar\/index.php?rest_route=%2Fwp%2Fv2%2Fcategories&post=5328"},{"taxonomy":"post_tag","embeddable":true,"href":"https:\/\/conurbanodiario.com.ar\/index.php?rest_route=%2Fwp%2Fv2%2Ftags&post=5328"}],"curies":[{"name":"wp","href":"https:\/\/api.w.org\/{rel}","templated":true}]}}