{"id":5325,"date":"2020-06-26T03:05:00","date_gmt":"2020-06-26T06:05:00","guid":{"rendered":"http:\/\/conurbanodiario.com.ar\/?p=5325"},"modified":"2020-06-25T22:01:38","modified_gmt":"2020-06-26T01:01:38","slug":"berazategui-cortes-de-luz-programados-por-tareas-de-la-empresa-edesur","status":"publish","type":"post","link":"https:\/\/conurbanodiario.com.ar\/?p=5325","title":{"rendered":"BERAZATEGUI: CORTES DE LUZ PROGRAMADOS POR TAREAS DE LA EMPRESA EDESUR"},"content":{"rendered":"\n<p>Debido a trabajos de mantenimiento a cargo de la empresa privada EDESUR, la Municipalidad de Berazategui informa que este viernes 26 de junio) habr\u00e1 cortes programados del servicio de energ\u00eda el\u00e9ctrica en algunos tramos de la ciudad.<\/p>\n\n\n\n<p>Uno de ellos se extender\u00e1 en el horario de 8.30 a 19.00 y afectar\u00e1 al per\u00edmetro conformado por las calles: 19 y 20 e\/ RP36 y 106; Av. Julieta Lanteri (21) e\/ RP36 y Cno. Gral. Belgrano; RP36 e\/ 19 y Av. Julieta Lanteri (21); 102 y 104 e\/ 19 y Julieta Lanteri (21); y 106 e\/ 18 y Av. Julieta Lanteri (21).<\/p>\n\n\n\n<p>Mientras que la otra interrupci\u00f3n del suministro el\u00e9ctrico comenzar\u00e1 a partir de las 9.00 y se prolongar\u00e1 hasta las 19.00, afectando a la zona que abarca desde Av. Vergara hasta la calle 128 e\/ Av. Milazzo y 43.<\/p>\n","protected":false},"excerpt":{"rendered":"<p>Debido a trabajos de mantenimiento a cargo de la empresa privada EDESUR, la Municipalidad de&#8230;<\/p>\n","protected":false},"author":1,"featured_media":59656,"comment_status":"open","ping_status":"open","sticky":false,"template":"","format":"standard","meta":{"footnotes":""},"categories":[3],"tags":[],"class_list":["post-5325","post","type-post","status-publish","format-standard","has-post-thumbnail","hentry","category-informacion-general"],"_links":{"self":[{"href":"https:\/\/conurbanodiario.com.ar\/index.php?rest_route=\/wp\/v2\/posts\/5325","targetHints":{"allow":["GET"]}}],"collection":[{"href":"https:\/\/conurbanodiario.com.ar\/index.php?rest_route=\/wp\/v2\/posts"}],"about":[{"href":"https:\/\/conurbanodiario.com.ar\/index.php?rest_route=\/wp\/v2\/types\/post"}],"author":[{"embeddable":true,"href":"https:\/\/conurbanodiario.com.ar\/index.php?rest_route=\/wp\/v2\/users\/1"}],"replies":[{"embeddable":true,"href":"https:\/\/conurbanodiario.com.ar\/index.php?rest_route=%2Fwp%2Fv2%2Fcomments&post=5325"}],"version-history":[{"count":1,"href":"https:\/\/conurbanodiario.com.ar\/index.php?rest_route=\/wp\/v2\/posts\/5325\/revisions"}],"predecessor-version":[{"id":5326,"href":"https:\/\/conurbanodiario.com.ar\/index.php?rest_route=\/wp\/v2\/posts\/5325\/revisions\/5326"}],"wp:featuredmedia":[{"embeddable":true,"href":"https:\/\/conurbanodiario.com.ar\/index.php?rest_route=\/wp\/v2\/media\/59656"}],"wp:attachment":[{"href":"https:\/\/conurbanodiario.com.ar\/index.php?rest_route=%2Fwp%2Fv2%2Fmedia&parent=5325"}],"wp:term":[{"taxonomy":"category","embeddable":true,"href":"https:\/\/conurbanodiario.com.ar\/index.php?rest_route=%2Fwp%2Fv2%2Fcategories&post=5325"},{"taxonomy":"post_tag","embeddable":true,"href":"https:\/\/conurbanodiario.com.ar\/index.php?rest_route=%2Fwp%2Fv2%2Ftags&post=5325"}],"curies":[{"name":"wp","href":"https:\/\/api.w.org\/{rel}","templated":true}]}}