{"id":5322,"date":"2020-06-26T03:09:00","date_gmt":"2020-06-26T06:09:00","guid":{"rendered":"http:\/\/conurbanodiario.com.ar\/?p=5322"},"modified":"2020-06-25T21:38:19","modified_gmt":"2020-06-26T00:38:19","slug":"ferraresi-y-daniel-arroyo-visitaron-la-fundacion-isla-maciel","status":"publish","type":"post","link":"https:\/\/conurbanodiario.com.ar\/?p=5322","title":{"rendered":"FERRARESI Y DANIEL ARROYO VISITARON LA FUNDACI\u00d3N ISLA MACIEL"},"content":{"rendered":"\n<p>El intendente, Jorge Ferraresi junto al ministro de Desarrollo de la Naci\u00f3n, Daniel Arroyo, y la diputada Nacional y titular del Observatorio de Pol\u00edticas P\u00fablicas de Avellaneda, Magdalena Sierra, visitaron la Fundaci\u00f3n Isla Maciel.<\/p>\n\n\n\n<p>Acompa\u00f1ados por integrantes de la fundaci\u00f3n y vecinos del barrio, se convers\u00f3 acerca del trabajo social que realiza el municipio en conjunto con el Gobierno provincial y nacional, en el marco de la pandemia y las estrategias para fomentar el trabajo y la econom\u00eda post cuarentena.<\/p>\n\n\n\n<p>El ministro, Daniel Arroyo firm\u00f3 un convenio con la Fundaci\u00f3n Isla Maciel que contempla la llegada del Operativo \u201cFrio\u201d que provee insumos, recursos alimenticios y ropa de abrigo para los vecinos y vecinas. Este programa llegar\u00e1 a millones de bonaerenses a trav\u00e9s de la cartera de Desarrollo en articulaci\u00f3n con organizaciones sociales y civiles.<\/p>\n\n\n\n<p>\u201cVeniamos de una situaci\u00f3n muy complicada y la pandemia profundiz\u00f3 a\u00fan m\u00e1s las problem\u00e0ticas sociales y econ\u00f3micas\u201d explic\u00f3 Jorge Ferraresi y agreg\u00f3: \u201cDesde el municipio trabajamos articuladamente con todos los niveles de Gobierno para proteger a la gente y estar para los que nos necesiten\u201d.<\/p>\n\n\n\n<p>\u201cDebemos pensar en planificar pol\u00edticas p\u00fablicas activas para reactivar la econom\u00eda y el trabajo\u201d concluy\u00f3 el jefe comunal.<\/p>\n\n\n\n<p>Por su parte el Ministro de Desarrollo resalt\u00f3 la tarea que lleva a cabo la comuna y anticip\u00f3 un nuevo Programa del ministerio, Potenciar Trabajo, con la mira en la reactivaci\u00f3n cuando se retomen las actividades.<\/p>\n\n\n\n<p>Estuvieron presentes el subsecretario de Asistencia Cr\u00ectica del Ministerio de Desarrollo, Gustavo Aguilera y la secretaria de Abordaje Integral, Alicia Soraire.<\/p>\n","protected":false},"excerpt":{"rendered":"<p>El intendente, Jorge Ferraresi junto al ministro de Desarrollo de la Naci\u00f3n, Daniel Arroyo, y&#8230;<\/p>\n","protected":false},"author":1,"featured_media":59656,"comment_status":"open","ping_status":"open","sticky":false,"template":"","format":"standard","meta":{"footnotes":""},"categories":[3],"tags":[],"class_list":["post-5322","post","type-post","status-publish","format-standard","has-post-thumbnail","hentry","category-informacion-general"],"_links":{"self":[{"href":"https:\/\/conurbanodiario.com.ar\/index.php?rest_route=\/wp\/v2\/posts\/5322","targetHints":{"allow":["GET"]}}],"collection":[{"href":"https:\/\/conurbanodiario.com.ar\/index.php?rest_route=\/wp\/v2\/posts"}],"about":[{"href":"https:\/\/conurbanodiario.com.ar\/index.php?rest_route=\/wp\/v2\/types\/post"}],"author":[{"embeddable":true,"href":"https:\/\/conurbanodiario.com.ar\/index.php?rest_route=\/wp\/v2\/users\/1"}],"replies":[{"embeddable":true,"href":"https:\/\/conurbanodiario.com.ar\/index.php?rest_route=%2Fwp%2Fv2%2Fcomments&post=5322"}],"version-history":[{"count":1,"href":"https:\/\/conurbanodiario.com.ar\/index.php?rest_route=\/wp\/v2\/posts\/5322\/revisions"}],"predecessor-version":[{"id":5324,"href":"https:\/\/conurbanodiario.com.ar\/index.php?rest_route=\/wp\/v2\/posts\/5322\/revisions\/5324"}],"wp:featuredmedia":[{"embeddable":true,"href":"https:\/\/conurbanodiario.com.ar\/index.php?rest_route=\/wp\/v2\/media\/59656"}],"wp:attachment":[{"href":"https:\/\/conurbanodiario.com.ar\/index.php?rest_route=%2Fwp%2Fv2%2Fmedia&parent=5322"}],"wp:term":[{"taxonomy":"category","embeddable":true,"href":"https:\/\/conurbanodiario.com.ar\/index.php?rest_route=%2Fwp%2Fv2%2Fcategories&post=5322"},{"taxonomy":"post_tag","embeddable":true,"href":"https:\/\/conurbanodiario.com.ar\/index.php?rest_route=%2Fwp%2Fv2%2Ftags&post=5322"}],"curies":[{"name":"wp","href":"https:\/\/api.w.org\/{rel}","templated":true}]}}