{"id":5310,"date":"2020-06-26T03:07:00","date_gmt":"2020-06-26T06:07:00","guid":{"rendered":"http:\/\/conurbanodiario.com.ar\/?p=5310"},"modified":"2020-06-25T22:15:49","modified_gmt":"2020-06-26T01:15:49","slug":"el-volante-nery-leyes-otro-jugador-que-se-ira-de-banfield","status":"publish","type":"post","link":"https:\/\/conurbanodiario.com.ar\/?p=5310","title":{"rendered":"EL VOLANTE NERY LEYES, OTRO JUGADOR QUE SE IR\u00c1 DE BANFIELD"},"content":{"rendered":"\n<p>El volante central de Banfield Nery Leyes ser\u00e1 otro futbolista que se ir\u00e1 del \u00abTaladro\u00bb debido a que no entrar\u00eda en los planes del nuevo entrenador, Javier Sanguinetti, a la vez que facilitar\u00eda la reducci\u00f3n del prepuesto de f\u00fatbol para la debilitada econom\u00eda del club.<\/p>\n\n\n\n<p>El fueguino Leyes, de 30 a\u00f1os, de buen paso por Talleres, de C\u00f3rdoba y por Defensa y Justicia, pertenece a Atl\u00e9tico Tucum\u00e1n, a donde debe regresar de rescindir el contrato con Banfield, seg\u00fan lo manifestado a T\u00e9lam por un allegado al jugador.<\/p>\n\n\n\n<p>El mediocampista lleg\u00f3 a la entidad del sur del conurbano bonaerense en enero pasado a pr\u00e9stamo hasta junio de 2021, por lo que volver\u00e1 al \u00abDecano\u00bb tucumano como corresponde, aunque su futuro es incierto hasta tanto no cuente con el visto bueno del entrenador Ricardo Zielinski para integrarlo al plantel \u00abalbiceleste\u00bb.<\/p>\n\n\n\n<p>La lista de los que se van el 30 del corriente de Banfield la encabeza el arquero uruguayo Esteban Conde y le siguen el defensor Sebasti\u00e1n Dubarbier, el volante Mat\u00edas Moya y el delantero uruguayo Junior Arias. A estos dos \u00faltimos se les vence el pr\u00e9stamo debiendo regresar a River y Talleres, de C\u00f3rdoba, respectivamente.<\/p>\n\n\n\n<p>La n\u00f3mina la completa el zaguero central y capit\u00e1n del equipo Renato Civelli, en conflicto con la dirigencia, y se sumar\u00eda en los pr\u00f3ximo d\u00edas el mencionado volante Leyes, sin descartar a alg\u00fan otro.<\/p>\n\n\n\n<p>Mientras tanto, por Banfield esperan que se concrete alguna oferta importante por el delantero Agust\u00edn Urzi, por el que hubo sondeos de varios clubes europeos desde hace m\u00e1s de un a\u00f1o, en especial de Torino y Sassuolo, de la Liga de Italia, que ofrecer\u00edan hasta ocho millones de euros, seg\u00fan medios de ese pa\u00eds.<\/p>\n","protected":false},"excerpt":{"rendered":"<p>El volante central de Banfield Nery Leyes ser\u00e1 otro futbolista que se ir\u00e1 del \u00abTaladro\u00bb&#8230;<\/p>\n","protected":false},"author":1,"featured_media":59656,"comment_status":"open","ping_status":"open","sticky":false,"template":"","format":"standard","meta":{"footnotes":""},"categories":[32],"tags":[],"class_list":["post-5310","post","type-post","status-publish","format-standard","has-post-thumbnail","hentry","category-deportes"],"_links":{"self":[{"href":"https:\/\/conurbanodiario.com.ar\/index.php?rest_route=\/wp\/v2\/posts\/5310","targetHints":{"allow":["GET"]}}],"collection":[{"href":"https:\/\/conurbanodiario.com.ar\/index.php?rest_route=\/wp\/v2\/posts"}],"about":[{"href":"https:\/\/conurbanodiario.com.ar\/index.php?rest_route=\/wp\/v2\/types\/post"}],"author":[{"embeddable":true,"href":"https:\/\/conurbanodiario.com.ar\/index.php?rest_route=\/wp\/v2\/users\/1"}],"replies":[{"embeddable":true,"href":"https:\/\/conurbanodiario.com.ar\/index.php?rest_route=%2Fwp%2Fv2%2Fcomments&post=5310"}],"version-history":[{"count":1,"href":"https:\/\/conurbanodiario.com.ar\/index.php?rest_route=\/wp\/v2\/posts\/5310\/revisions"}],"predecessor-version":[{"id":5312,"href":"https:\/\/conurbanodiario.com.ar\/index.php?rest_route=\/wp\/v2\/posts\/5310\/revisions\/5312"}],"wp:featuredmedia":[{"embeddable":true,"href":"https:\/\/conurbanodiario.com.ar\/index.php?rest_route=\/wp\/v2\/media\/59656"}],"wp:attachment":[{"href":"https:\/\/conurbanodiario.com.ar\/index.php?rest_route=%2Fwp%2Fv2%2Fmedia&parent=5310"}],"wp:term":[{"taxonomy":"category","embeddable":true,"href":"https:\/\/conurbanodiario.com.ar\/index.php?rest_route=%2Fwp%2Fv2%2Fcategories&post=5310"},{"taxonomy":"post_tag","embeddable":true,"href":"https:\/\/conurbanodiario.com.ar\/index.php?rest_route=%2Fwp%2Fv2%2Ftags&post=5310"}],"curies":[{"name":"wp","href":"https:\/\/api.w.org\/{rel}","templated":true}]}}