{"id":5301,"date":"2020-06-26T05:06:00","date_gmt":"2020-06-26T08:06:00","guid":{"rendered":"http:\/\/conurbanodiario.com.ar\/?p=5301"},"modified":"2020-06-25T12:48:47","modified_gmt":"2020-06-25T15:48:47","slug":"restablecen-el-servicio-pleno-en-los-juzgados-de-paz-de-otros-siete-partidos-bonaerenses","status":"publish","type":"post","link":"https:\/\/conurbanodiario.com.ar\/?p=5301","title":{"rendered":"RESTABLECEN EL SERVICIO PLENO EN LOS JUZGADOS DE PAZ DE OTROS SIETE PARTIDOS BONAERENSES"},"content":{"rendered":"\n<p>La Suprema Corte de Justicia estableci\u00f3 la habilitaci\u00f3n y funcionamiento pleno de los Juzgados de Paz de los distritos bonaerenses de Benito Ju\u00e1rez, Coronel Suarez, Torquinst, Castelli, General Alvarado, Daireaux y Salliquel\u00f3, a partir de este viernes, se inform\u00f3 oficialmente.<\/p>\n\n\n\n<p>La decisi\u00f3n se adopt\u00f3 por medio de la Resoluci\u00f3n SC N\u00ba 654\/20, con lo cual ya son 40 los organismos de la Justicia de Paz que restablecen su servicio en plenitud.<\/p>\n\n\n\n<p>Los que se agregan en esta oportunidad se integran a una lista que incluye a los Juzgados de Paz de los siguientes partidos: Bol\u00edvar, General La Madrid, Las Flores, Rauch, Tapalqu\u00e9, Coronel Dorrego, Coronel Rosales, Monte Hermoso, Patagones, Saavedra, Maip\u00fa, Pinamar y Chacabuco.<\/p>\n\n\n\n<p>Adem\u00e1s, Florentino Ameghino, General Arenales, General Pinto, General Viamonte, Leandro N. Alem, Lincoln, Rojas, Monte, Roque P\u00e9rez, Navarro, Nueve de Julio, San Cayetano, Col\u00f3n, Arrecifes, Carlos Casares, General Villegas, Guamin\u00ed, Hip\u00f3lito Yrigoyen, Pellegrini y Rivadavia.<\/p>\n","protected":false},"excerpt":{"rendered":"<p>La Suprema Corte de Justicia estableci\u00f3 la habilitaci\u00f3n y funcionamiento pleno de los Juzgados de&#8230;<\/p>\n","protected":false},"author":1,"featured_media":59656,"comment_status":"open","ping_status":"open","sticky":false,"template":"","format":"standard","meta":{"footnotes":""},"categories":[29],"tags":[],"class_list":["post-5301","post","type-post","status-publish","format-standard","has-post-thumbnail","hentry","category-judiciales"],"_links":{"self":[{"href":"https:\/\/conurbanodiario.com.ar\/index.php?rest_route=\/wp\/v2\/posts\/5301","targetHints":{"allow":["GET"]}}],"collection":[{"href":"https:\/\/conurbanodiario.com.ar\/index.php?rest_route=\/wp\/v2\/posts"}],"about":[{"href":"https:\/\/conurbanodiario.com.ar\/index.php?rest_route=\/wp\/v2\/types\/post"}],"author":[{"embeddable":true,"href":"https:\/\/conurbanodiario.com.ar\/index.php?rest_route=\/wp\/v2\/users\/1"}],"replies":[{"embeddable":true,"href":"https:\/\/conurbanodiario.com.ar\/index.php?rest_route=%2Fwp%2Fv2%2Fcomments&post=5301"}],"version-history":[{"count":1,"href":"https:\/\/conurbanodiario.com.ar\/index.php?rest_route=\/wp\/v2\/posts\/5301\/revisions"}],"predecessor-version":[{"id":5303,"href":"https:\/\/conurbanodiario.com.ar\/index.php?rest_route=\/wp\/v2\/posts\/5301\/revisions\/5303"}],"wp:featuredmedia":[{"embeddable":true,"href":"https:\/\/conurbanodiario.com.ar\/index.php?rest_route=\/wp\/v2\/media\/59656"}],"wp:attachment":[{"href":"https:\/\/conurbanodiario.com.ar\/index.php?rest_route=%2Fwp%2Fv2%2Fmedia&parent=5301"}],"wp:term":[{"taxonomy":"category","embeddable":true,"href":"https:\/\/conurbanodiario.com.ar\/index.php?rest_route=%2Fwp%2Fv2%2Fcategories&post=5301"},{"taxonomy":"post_tag","embeddable":true,"href":"https:\/\/conurbanodiario.com.ar\/index.php?rest_route=%2Fwp%2Fv2%2Ftags&post=5301"}],"curies":[{"name":"wp","href":"https:\/\/api.w.org\/{rel}","templated":true}]}}