{"id":5298,"date":"2020-06-26T03:09:00","date_gmt":"2020-06-26T06:09:00","guid":{"rendered":"http:\/\/conurbanodiario.com.ar\/?p=5298"},"modified":"2020-06-25T12:42:17","modified_gmt":"2020-06-25T15:42:17","slug":"el-ministro-de-infraestructura-bonaerense-aseguro-que-se-finalizaron-90-obras-que-estaban-frenadas","status":"publish","type":"post","link":"https:\/\/conurbanodiario.com.ar\/?p=5298","title":{"rendered":"EL MINISTRO DE INFRAESTRUCTURA BONAERENSE ASEGUR\u00d3 QUE SE FINALIZARON 90 OBRAS QUE ESTABAN FRENADAS"},"content":{"rendered":"\n<p>El ministro de Infraestructura y Servicios P\u00fablicos de la provincia de Buenos Aires, Agust\u00edn Simone, asegur\u00f3 que, dese que asumi\u00f3, el gobierno bonaerense finaliz\u00f3 unas 90 obras \u00abque estaban paradas\u201d y anticip\u00f3 que el mes pr\u00f3ximo ese n\u00famero ascender\u00e1 a 125.<\/p>\n\n\n\n<p>En declaraciones formuladas a Radio Provincia, el funcionario explic\u00f3 que el gobernador Axel Kicillof le encarg\u00f3 el dise\u00f1o y ejecuci\u00f3n de \u00abun plan quinquenal para transformar la infraestructura de la Provincia a largo plazo\u00bb pero cont\u00f3 que la pandemia de coronavirus gener\u00f3 que la planificaci\u00f3n de obras deba redireccionarse a fortalecer el sistema de salud.<\/p>\n\n\n\n<p>\u00abSobre ese plan trabajamos, proyectando obras viales, hidr\u00e1ulicas, de arquitectura que incluye una inversi\u00f3n de 600 mil millones de pesos para los pr\u00f3ximos cuatro a\u00f1os\u201d, indic\u00f3.<\/p>\n\n\n\n<p>\u201cEn marzo, cuando vimos que la cosa ven\u00eda en serio con el Covid-19 y que la Argentina iba a empezar a tener casos, el gobernador nos pidi\u00f3 un plan de obras para Salud que hicimos junto al ministro de Salud, Daniel Gollan\u00bb, cont\u00f3.<\/p>\n\n\n\n<p>Detall\u00f3 que \u00abhab\u00eda muchas obras paralizadas del gobierno anterior\u00bb por lo que, junto a funcionarios de la cartera sanitaria, comenzaron a definir qu\u00e9 obras se pod\u00edan terminar r\u00e1pidamente \u00abpara tener m\u00e1s camas, salas de guardia y centros de atenci\u00f3n primaria (CAP)\u201d en todo el territorio.<\/p>\n\n\n\n<p>Simone precis\u00f3 que, desde el inicio de la gesti\u00f3n hasta ahora, se terminaron alrededor de 90 obras y dijo que se calcula que para mediados de julio se finalizar\u00e1n \u00abla totalidad que nos propusimos, que son 125\u00bb.<\/p>\n\n\n\n<p>\u00abVenimos bien en funci\u00f3n de los tiempos que hab\u00edamos estimado. De estas obras, 80 son CAP que luego administran los municipios, adem\u00e1s de salas de guardia y de terapia intensiva\u201d, se\u00f1al\u00f3.<\/p>\n\n\n\n<p>Simone estim\u00f3 que \u201cla Provincia necesita un nivel de inversi\u00f3n p\u00fablica de 2 mil millones de pesos por a\u00f1o\u00bb y grafic\u00f3 que \u00abhay obras que se necesitan para inundaciones o viviendas, pero tambi\u00e9n rutas, puertos que tienen que ver con activar el aparato productivo de la provincia\u201d.<\/p>\n\n\n\n<p>\u00abEs infinito lo que hay que hacer en barrios populares, porque hay unas 5 mil viviendas a medio hacer, la mitad con un avance mayor al 50% pero otras que estuvieron paradas 4 a\u00f1os. En una provincia con el d\u00e9ficit habitacional que tiene la nuestra, es terrible ver ese nivel de desidia\u201d, concluy\u00f3.<\/p>\n","protected":false},"excerpt":{"rendered":"<p>El ministro de Infraestructura y Servicios P\u00fablicos de la provincia de Buenos Aires, Agust\u00edn Simone,&#8230;<\/p>\n","protected":false},"author":1,"featured_media":59656,"comment_status":"open","ping_status":"open","sticky":false,"template":"","format":"standard","meta":{"footnotes":""},"categories":[28],"tags":[],"class_list":["post-5298","post","type-post","status-publish","format-standard","has-post-thumbnail","hentry","category-la-provincia"],"_links":{"self":[{"href":"https:\/\/conurbanodiario.com.ar\/index.php?rest_route=\/wp\/v2\/posts\/5298","targetHints":{"allow":["GET"]}}],"collection":[{"href":"https:\/\/conurbanodiario.com.ar\/index.php?rest_route=\/wp\/v2\/posts"}],"about":[{"href":"https:\/\/conurbanodiario.com.ar\/index.php?rest_route=\/wp\/v2\/types\/post"}],"author":[{"embeddable":true,"href":"https:\/\/conurbanodiario.com.ar\/index.php?rest_route=\/wp\/v2\/users\/1"}],"replies":[{"embeddable":true,"href":"https:\/\/conurbanodiario.com.ar\/index.php?rest_route=%2Fwp%2Fv2%2Fcomments&post=5298"}],"version-history":[{"count":1,"href":"https:\/\/conurbanodiario.com.ar\/index.php?rest_route=\/wp\/v2\/posts\/5298\/revisions"}],"predecessor-version":[{"id":5300,"href":"https:\/\/conurbanodiario.com.ar\/index.php?rest_route=\/wp\/v2\/posts\/5298\/revisions\/5300"}],"wp:featuredmedia":[{"embeddable":true,"href":"https:\/\/conurbanodiario.com.ar\/index.php?rest_route=\/wp\/v2\/media\/59656"}],"wp:attachment":[{"href":"https:\/\/conurbanodiario.com.ar\/index.php?rest_route=%2Fwp%2Fv2%2Fmedia&parent=5298"}],"wp:term":[{"taxonomy":"category","embeddable":true,"href":"https:\/\/conurbanodiario.com.ar\/index.php?rest_route=%2Fwp%2Fv2%2Fcategories&post=5298"},{"taxonomy":"post_tag","embeddable":true,"href":"https:\/\/conurbanodiario.com.ar\/index.php?rest_route=%2Fwp%2Fv2%2Ftags&post=5298"}],"curies":[{"name":"wp","href":"https:\/\/api.w.org\/{rel}","templated":true}]}}