{"id":5296,"date":"2020-06-26T03:00:00","date_gmt":"2020-06-26T06:00:00","guid":{"rendered":"http:\/\/conurbanodiario.com.ar\/?p=5296"},"modified":"2020-06-30T04:04:01","modified_gmt":"2020-06-30T07:04:01","slug":"detectaron-mas-de-3-300-casos-de-dengue-en-lo-que-va-de-2020-en-territorio-bonaerense","status":"publish","type":"post","link":"https:\/\/conurbanodiario.com.ar\/?p=5296","title":{"rendered":"DETECTARON M\u00c1S DE 3.300 CASOS DE DENGUE EN LO QUE VA DE 2020 EN TERRITORIO BONAERENSE"},"content":{"rendered":"\n<p>La provincia de Buenos Aires diagnostic\u00f3 m\u00e1s de 3.300 personas infectadas con dengue en lo que va del a\u00f1o, mientras investiga otros 1.034 casos como sospechosos, inform\u00f3 el Ministerio de Salud bonaerense.<\/p>\n\n\n\n<p>De acuerdo al Bolet\u00edn Epidemiol\u00f3gico publicado por el Ministerio de Salud, hasta la semana epidemiol\u00f3gica 24 fueron confirmados 3.376 casos de dengue, de los cuales 296 requirieron internaci\u00f3n.<\/p>\n\n\n\n<p>La cartera sanitaria detall\u00f3 que con antecedentes de viaje se registraron 252 casos (7,5 %), principalmente a Paraguay; otros destinos fueron Bolivia, Brasil, Colombia, y provincias de Argentina con circulaci\u00f3n viral sostenida.<\/p>\n\n\n\n<p>Sin antecedentes de viaje se registraron 3.124 casos (92,5%), mientras que hay en estudio 1.034 casos probables, de los cuales 200 cuentan con antecedente de viaje a zonas con circulaci\u00f3n viral conocida, siendo Paraguay el principal pa\u00eds visitado y 834 casos no registran antecedente de viaje.<\/p>\n\n\n\n<p>Seg\u00fan el informe, se registra un brote en los municipios de General San Mart\u00edn, San Fernando, San Isidro, Vicente L\u00f3pez, Avellaneda, Almirante Brown, Berazategui, Florencio Varela, Lomas de Zamora, Quilmes, Lan\u00fas, Hurlingham, Ituzaing\u00f3, Merlo, Tres de Febrero, La Plata y La Matanza.<\/p>\n\n\n\n<p>Adem\u00e1s precis\u00f3 que no registran casos positivos en contexto de brote en las \u00faltimas semanas los municipios de Berisso, Escobar, Ezeiza, Gral. Rodr\u00edguez, Jos\u00e9 C. Paz, Malvinas Argentinas, Saladillo, San Miguel, Esteban Echeverr\u00eda, Moreno, San Nicol\u00e1s y Mor\u00f3n.<\/p>\n\n\n\n<p>La cartera sanitaria detall\u00f3 que el cierre de brotes debe ser considerado en cada uno de los niveles locales, manteniendo la vigilancia activa de la enfermedad y detectando la ausencia de casos con pruebas positivas por laboratorio en las \u00faltimas dos semanas, acompa\u00f1ado de un descenso en el n\u00famero de notificaciones totales.<\/p>\n","protected":false},"excerpt":{"rendered":"<p>La provincia de Buenos Aires diagnostic\u00f3 m\u00e1s de 3.300 personas infectadas con dengue en lo&#8230;<\/p>\n","protected":false},"author":1,"featured_media":59656,"comment_status":"open","ping_status":"open","sticky":false,"template":"","format":"standard","meta":{"footnotes":""},"categories":[31],"tags":[],"class_list":["post-5296","post","type-post","status-publish","format-standard","has-post-thumbnail","hentry","category-salud"],"_links":{"self":[{"href":"https:\/\/conurbanodiario.com.ar\/index.php?rest_route=\/wp\/v2\/posts\/5296","targetHints":{"allow":["GET"]}}],"collection":[{"href":"https:\/\/conurbanodiario.com.ar\/index.php?rest_route=\/wp\/v2\/posts"}],"about":[{"href":"https:\/\/conurbanodiario.com.ar\/index.php?rest_route=\/wp\/v2\/types\/post"}],"author":[{"embeddable":true,"href":"https:\/\/conurbanodiario.com.ar\/index.php?rest_route=\/wp\/v2\/users\/1"}],"replies":[{"embeddable":true,"href":"https:\/\/conurbanodiario.com.ar\/index.php?rest_route=%2Fwp%2Fv2%2Fcomments&post=5296"}],"version-history":[{"count":1,"href":"https:\/\/conurbanodiario.com.ar\/index.php?rest_route=\/wp\/v2\/posts\/5296\/revisions"}],"predecessor-version":[{"id":5297,"href":"https:\/\/conurbanodiario.com.ar\/index.php?rest_route=\/wp\/v2\/posts\/5296\/revisions\/5297"}],"wp:featuredmedia":[{"embeddable":true,"href":"https:\/\/conurbanodiario.com.ar\/index.php?rest_route=\/wp\/v2\/media\/59656"}],"wp:attachment":[{"href":"https:\/\/conurbanodiario.com.ar\/index.php?rest_route=%2Fwp%2Fv2%2Fmedia&parent=5296"}],"wp:term":[{"taxonomy":"category","embeddable":true,"href":"https:\/\/conurbanodiario.com.ar\/index.php?rest_route=%2Fwp%2Fv2%2Fcategories&post=5296"},{"taxonomy":"post_tag","embeddable":true,"href":"https:\/\/conurbanodiario.com.ar\/index.php?rest_route=%2Fwp%2Fv2%2Ftags&post=5296"}],"curies":[{"name":"wp","href":"https:\/\/api.w.org\/{rel}","templated":true}]}}